{"id":7661,"date":"2012-10-02T14:46:12","date_gmt":"2012-10-02T12:46:12","guid":{"rendered":"http:\/\/www.tucomarca.com\/wordpress\/segunda\/?p=7661"},"modified":"2012-10-02T14:46:12","modified_gmt":"2012-10-02T12:46:12","slug":"rosado-y-betoret-visitan-el-taller-que-%c2%abamamanta%c2%bb-organiza-para-promocionar-la-semana-mundial-de-la-lactancia-materna","status":"publish","type":"post","link":"https:\/\/www.tucomarca.com\/wordpress\/segunda\/rosado-y-betoret-visitan-el-taller-que-%c2%abamamanta%c2%bb-organiza-para-promocionar-la-semana-mundial-de-la-lactancia-materna\/","title":{"rendered":"Rosado y Betoret visitan el taller que \u00abAmamanta\u00bb organiza para promocionar la semana mundial de la lactancia materna"},"content":{"rendered":"<figure id=\"attachment_7662\" aria-describedby=\"caption-attachment-7662\" style=\"width: 300px\" class=\"wp-caption alignleft\"><a href=\"https:\/\/www.tucomarca.com\/wordpress\/segunda\/wp-content\/uploads\/2012\/10\/Rosado-Betoret.jpg\"><img loading=\"lazy\" decoding=\"async\" class=\"size-medium wp-image-7662\" title=\"Rosado-Betoret\" src=\"https:\/\/www.tucomarca.com\/wordpress\/segunda\/wp-content\/uploads\/2012\/10\/Rosado-Betoret-300x225.jpg\" alt=\"Rosado y Betoret visitan el taller que Amamanta organiza para promocionar la Semana Mundial de la lactancia materna.\" width=\"300\" height=\"225\" srcset=\"https:\/\/www.tucomarca.com\/wordpress\/segunda\/wp-content\/uploads\/2012\/10\/Rosado-Betoret-300x225.jpg 300w, https:\/\/www.tucomarca.com\/wordpress\/segunda\/wp-content\/uploads\/2012\/10\/Rosado-Betoret-1024x768.jpg 1024w\" sizes=\"auto, (max-width: 300px) 100vw, 300px\" \/><\/a><figcaption id=\"caption-attachment-7662\" class=\"wp-caption-text\">Rosado y Betoret visitan el taller que Amamanta organiza para promocionar la Semana Mundial de la lactancia materna.<\/figcaption><\/figure>\n<p>El conseller de Sanidad, Lu\u00eds Rosado, junto al alcalde de Vilamarxant, Vicente Betoret, ha visitado el taller de lactancia que la asociaci\u00f3n Amamanta organiza en el marco de las actividades de promoci\u00f3n de la Semana Mundial de la lactancia materna, que se celebra hasta el 7 de octubre, bajo el lema \u201cRevisando el pasado, planificando el futuro: celebrando los 10 a\u00f1os de la estrategia mundial para la Alimentaci\u00f3n del Lactante y Ni\u00f1@ peque\u00f1@ de OMS\/UNICEF\u201d.<\/p>\n<p>Durante la visita al taller, en el que han participado 15 madres, las autoridades tambi\u00e9n han aprovechado para realizar un recorrido por las instalaciones del Centro Club de Convivencia de Vilamarxant, que es donde se ha llevado a cabo esta actividad.<\/p>\n<p>Amamanta es un grupo de apoyo a la lactancia materna, que lleva m\u00e1s de una d\u00e9cada fomentando la informaci\u00f3n y el apoyo a las mujeres que desean dar el pecho a sus hijos. Madres y profesionales sanitarios, impulsan cerca de 20 talleres en diferentes Centros de Salud de la provincia de Valencia, y realizan labores de voluntariado en los hospitales de La Fe de Valencia y en el de Manises.<\/p>\n<p>Esta asociaci\u00f3n, que naci\u00f3 en Vilamarxant, con seis madres y como grupo de apoyo en el a\u00f1o 2000, en la actualidad cuenta con m\u00e1s de 300 socias.<\/p>\n","protected":false},"excerpt":{"rendered":"<div class=\"mh-excerpt\">El conseller de Sanidad, Lu\u00eds Rosado, junto al alcalde de Vilamarxant, Vicente Betoret, ha visitado el taller de lactancia que la asociaci\u00f3n Amamanta organiza en el marco de las actividades de promoci\u00f3n de la Semana <a class=\"mh-excerpt-more\" href=\"https:\/\/www.tucomarca.com\/wordpress\/segunda\/rosado-y-betoret-visitan-el-taller-que-%c2%abamamanta%c2%bb-organiza-para-promocionar-la-semana-mundial-de-la-lactancia-materna\/\" title=\"Rosado y Betoret visitan el taller que \u00abAmamanta\u00bb organiza para promocionar la semana mundial de la lactancia materna\">[+] <\/a><\/div>\n","protected":false},"author":1,"featured_media":7662,"comment_status":"open","ping_status":"open","sticky":false,"template":"","format":"standard","meta":{"footnotes":""},"categories":[46,119,128,8,3,45,184],"tags":[],"class_list":{"0":"post-7661","1":"post","2":"type-post","3":"status-publish","4":"format-standard","5":"has-post-thumbnail","7":"category-camp-de-turia","8":"category-sanidad-la-comarca","9":"category-infraestructuras","10":"category-la-comarca","11":"category-seccion","12":"category-ventana","13":"category-vilamarxant"},"_links":{"self":[{"href":"https:\/\/www.tucomarca.com\/wordpress\/segunda\/wp-json\/wp\/v2\/posts\/7661","targetHints":{"allow":["GET"]}}],"collection":[{"href":"https:\/\/www.tucomarca.com\/wordpress\/segunda\/wp-json\/wp\/v2\/posts"}],"about":[{"href":"https:\/\/www.tucomarca.com\/wordpress\/segunda\/wp-json\/wp\/v2\/types\/post"}],"author":[{"embeddable":true,"href":"https:\/\/www.tucomarca.com\/wordpress\/segunda\/wp-json\/wp\/v2\/users\/1"}],"replies":[{"embeddable":true,"href":"https:\/\/www.tucomarca.com\/wordpress\/segunda\/wp-json\/wp\/v2\/comments?post=7661"}],"version-history":[{"count":0,"href":"https:\/\/www.tucomarca.com\/wordpress\/segunda\/wp-json\/wp\/v2\/posts\/7661\/revisions"}],"wp:featuredmedia":[{"embeddable":true,"href":"https:\/\/www.tucomarca.com\/wordpress\/segunda\/wp-json\/wp\/v2\/media\/7662"}],"wp:attachment":[{"href":"https:\/\/www.tucomarca.com\/wordpress\/segunda\/wp-json\/wp\/v2\/media?parent=7661"}],"wp:term":[{"taxonomy":"category","embeddable":true,"href":"https:\/\/www.tucomarca.com\/wordpress\/segunda\/wp-json\/wp\/v2\/categories?post=7661"},{"taxonomy":"post_tag","embeddable":true,"href":"https:\/\/www.tucomarca.com\/wordpress\/segunda\/wp-json\/wp\/v2\/tags?post=7661"}],"curies":[{"name":"wp","href":"https:\/\/api.w.org\/{rel}","templated":true}]}}