{"id":7665,"date":"2012-10-02T14:59:51","date_gmt":"2012-10-02T12:59:51","guid":{"rendered":"http:\/\/www.tucomarca.com\/wordpress\/segunda\/?p=7665"},"modified":"2012-10-02T14:59:51","modified_gmt":"2012-10-02T12:59:51","slug":"la-pobla-de-vallbona-solicita-el-nuevo-cajero-del-autoservef","status":"publish","type":"post","link":"https:\/\/www.tucomarca.com\/wordpress\/segunda\/la-pobla-de-vallbona-solicita-el-nuevo-cajero-del-autoservef\/","title":{"rendered":"La Pobla de Vallbona solicita el nuevo cajero del AutoServef"},"content":{"rendered":"<p>El Ayuntamiento de la Pobla de Vallbona ha solicitado a la conselleria de Educaci\u00f3n, Formaci\u00f3n y Empleo un puesto de cajero autom\u00e1tico de AutoServef. La solicitud ha entrado en fase de tramitaci\u00f3n, seg\u00fan han informado fuentes municipales.<\/p>\n<p>Los AutoServef son una herramienta inform\u00e1tica que ofrece el Servicio Valenciano de\u00a0 Empleo y Formaci\u00f3n a los desempleados, a trav\u00e9s de la cual pueden gestionar directamente buena parte de los servicios que el organismo ofrece a los parados como: renovar su demanda de empleo, consultar las ofertas de empleo en difusi\u00f3n, obtener cartas de presentaci\u00f3n y de citaci\u00f3n, inscribirse como posible candidato en las ofertas que le interesen, consultar los datos de su curr\u00edculum o indicar el tipo de cursos que le gustar\u00eda realizar, as\u00ed como imprimir los distintos tipos de certificados que pueda necesitar.<\/p>\n<p>Seg\u00fan ha comentado la alcaldesa de la Pobla de Vallbona, Mari Carmen Contelles, \u201cel Ayuntamiento quiere ofrecer esta herramienta a los vecinos para facilitar un acceso m\u00e1s r\u00e1pido \u00e1gil y agilizar los tr\u00e1mites de renovar demandas o consultar ofertas de empleo, evitando colas o desplazamientos.\u201d<\/p>\n","protected":false},"excerpt":{"rendered":"<div class=\"mh-excerpt\">El Ayuntamiento de la Pobla de Vallbona ha solicitado a la conselleria de Educaci\u00f3n, Formaci\u00f3n y Empleo un puesto de cajero autom\u00e1tico de AutoServef. La solicitud ha entrado en fase de tramitaci\u00f3n, seg\u00fan han informado <a class=\"mh-excerpt-more\" href=\"https:\/\/www.tucomarca.com\/wordpress\/segunda\/la-pobla-de-vallbona-solicita-el-nuevo-cajero-del-autoservef\/\" title=\"La Pobla de Vallbona solicita el nuevo cajero del AutoServef\">[+] <\/a><\/div>\n","protected":false},"author":1,"featured_media":0,"comment_status":"open","ping_status":"open","sticky":false,"template":"","format":"standard","meta":{"footnotes":""},"categories":[46,128,8,174,3],"tags":[],"class_list":{"0":"post-7665","1":"post","2":"type-post","3":"status-publish","4":"format-standard","6":"category-camp-de-turia","7":"category-infraestructuras","8":"category-la-comarca","9":"category-la-pobla","10":"category-seccion"},"_links":{"self":[{"href":"https:\/\/www.tucomarca.com\/wordpress\/segunda\/wp-json\/wp\/v2\/posts\/7665","targetHints":{"allow":["GET"]}}],"collection":[{"href":"https:\/\/www.tucomarca.com\/wordpress\/segunda\/wp-json\/wp\/v2\/posts"}],"about":[{"href":"https:\/\/www.tucomarca.com\/wordpress\/segunda\/wp-json\/wp\/v2\/types\/post"}],"author":[{"embeddable":true,"href":"https:\/\/www.tucomarca.com\/wordpress\/segunda\/wp-json\/wp\/v2\/users\/1"}],"replies":[{"embeddable":true,"href":"https:\/\/www.tucomarca.com\/wordpress\/segunda\/wp-json\/wp\/v2\/comments?post=7665"}],"version-history":[{"count":0,"href":"https:\/\/www.tucomarca.com\/wordpress\/segunda\/wp-json\/wp\/v2\/posts\/7665\/revisions"}],"wp:attachment":[{"href":"https:\/\/www.tucomarca.com\/wordpress\/segunda\/wp-json\/wp\/v2\/media?parent=7665"}],"wp:term":[{"taxonomy":"category","embeddable":true,"href":"https:\/\/www.tucomarca.com\/wordpress\/segunda\/wp-json\/wp\/v2\/categories?post=7665"},{"taxonomy":"post_tag","embeddable":true,"href":"https:\/\/www.tucomarca.com\/wordpress\/segunda\/wp-json\/wp\/v2\/tags?post=7665"}],"curies":[{"name":"wp","href":"https:\/\/api.w.org\/{rel}","templated":true}]}}