{"id":76685,"date":"2018-10-28T23:52:37","date_gmt":"2018-10-28T21:52:37","guid":{"rendered":"http:\/\/www.tucomarca.com\/wordpress\/segunda\/?p=76685"},"modified":"2018-10-28T23:52:37","modified_gmt":"2018-10-28T21:52:37","slug":"dura-derrota-del-cd-turis-contra-el-racing-paterna-4-0","status":"publish","type":"post","link":"https:\/\/www.tucomarca.com\/wordpress\/segunda\/dura-derrota-del-cd-turis-contra-el-racing-paterna-4-0\/","title":{"rendered":"Dura derrota del CD Tur\u00eds contra el Racing Paterna (4-0)"},"content":{"rendered":"<div dir=\"auto\">\n<p>Dura derrota de los de Miguel Guzman en Paterna.\u00a0Esta semana el conjunto rojillo qued\u00f3 bastante diluido por los de Paterna. Desde el principio dejaron claro que en casa no iban a dejar escapar\u00a0muchos puntos. Y hasta el 30&#8242; tuvieron para intentar arrancar, pero tras el gol de Edu Ruiz ya todo fue a peor para los turisanos.<\/p>\n<\/div>\n<div dir=\"auto\">\n<p>Apenas 3 minutos m\u00e1s tarde, Adri\u00e1n Fambuena cerrar\u00eda la primera mitad con buena ventaja al descanso.<\/p>\n<\/div>\n<div dir=\"auto\">\n<p>Nada m\u00e1s reanudarse el partido, Edu repiti\u00f3 y puso el 3-0 que dejaba pr\u00e1cticamente muerto el partido y la moral.<\/p>\n<\/div>\n<div dir=\"auto\">S\u00f3lo fue cuesti\u00f3n de tiempo que los minutos pasasen y en el 83&#8242; se cerrase el 4-0 definitivo, un partido para olvidar y del que sacar conclusiones que corregir. El CD\u00a0Tur\u00eds se queda octavo con 8 puntos. Informa, Ra\u00fal Miralles.<\/div>\n","protected":false},"excerpt":{"rendered":"<div class=\"mh-excerpt\">Dura derrota de los de Miguel Guzman en Paterna.\u00a0Esta semana el conjunto rojillo qued\u00f3 bastante diluido por los de Paterna. Desde el principio dejaron claro que en casa no iban a dejar escapar\u00a0muchos puntos. Y <a class=\"mh-excerpt-more\" href=\"https:\/\/www.tucomarca.com\/wordpress\/segunda\/dura-derrota-del-cd-turis-contra-el-racing-paterna-4-0\/\" title=\"Dura derrota del CD Tur\u00eds contra el Racing Paterna (4-0)\">[+] <\/a><\/div>\n","protected":false},"author":1,"featured_media":76687,"comment_status":"open","ping_status":"open","sticky":false,"template":"","format":"standard","meta":{"footnotes":""},"categories":[50,6,42,3,43,45],"tags":[10379],"class_list":{"0":"post-76685","1":"post","2":"type-post","3":"status-publish","4":"format-standard","5":"has-post-thumbnail","7":"category-futbol-deportes","8":"category-deportes","9":"category-la-ribera","10":"category-seccion","11":"category-turis","12":"category-ventana","13":"tag-deportes"},"_links":{"self":[{"href":"https:\/\/www.tucomarca.com\/wordpress\/segunda\/wp-json\/wp\/v2\/posts\/76685","targetHints":{"allow":["GET"]}}],"collection":[{"href":"https:\/\/www.tucomarca.com\/wordpress\/segunda\/wp-json\/wp\/v2\/posts"}],"about":[{"href":"https:\/\/www.tucomarca.com\/wordpress\/segunda\/wp-json\/wp\/v2\/types\/post"}],"author":[{"embeddable":true,"href":"https:\/\/www.tucomarca.com\/wordpress\/segunda\/wp-json\/wp\/v2\/users\/1"}],"replies":[{"embeddable":true,"href":"https:\/\/www.tucomarca.com\/wordpress\/segunda\/wp-json\/wp\/v2\/comments?post=76685"}],"version-history":[{"count":0,"href":"https:\/\/www.tucomarca.com\/wordpress\/segunda\/wp-json\/wp\/v2\/posts\/76685\/revisions"}],"wp:featuredmedia":[{"embeddable":true,"href":"https:\/\/www.tucomarca.com\/wordpress\/segunda\/wp-json\/wp\/v2\/media\/76687"}],"wp:attachment":[{"href":"https:\/\/www.tucomarca.com\/wordpress\/segunda\/wp-json\/wp\/v2\/media?parent=76685"}],"wp:term":[{"taxonomy":"category","embeddable":true,"href":"https:\/\/www.tucomarca.com\/wordpress\/segunda\/wp-json\/wp\/v2\/categories?post=76685"},{"taxonomy":"post_tag","embeddable":true,"href":"https:\/\/www.tucomarca.com\/wordpress\/segunda\/wp-json\/wp\/v2\/tags?post=76685"}],"curies":[{"name":"wp","href":"https:\/\/api.w.org\/{rel}","templated":true}]}}