{"id":76699,"date":"2018-10-30T21:52:35","date_gmt":"2018-10-30T19:52:35","guid":{"rendered":"http:\/\/www.tucomarca.com\/wordpress\/segunda\/?p=76699"},"modified":"2018-10-30T21:52:35","modified_gmt":"2018-10-30T19:52:35","slug":"la-unidad-de-neurorrehabilitacion-infantil-del-hospital-de-manises-atiende-a-26-jovenes-con-dano-cerebral","status":"publish","type":"post","link":"https:\/\/www.tucomarca.com\/wordpress\/segunda\/la-unidad-de-neurorrehabilitacion-infantil-del-hospital-de-manises-atiende-a-26-jovenes-con-dano-cerebral\/","title":{"rendered":"La Unidad de Neurorrehabilitaci\u00f3n Infantil del Hospital de Manises atiende a 26 j\u00f3venes con da\u00f1o cerebral"},"content":{"rendered":"<figure id=\"attachment_76700\" aria-describedby=\"caption-attachment-76700\" style=\"width: 232px\" class=\"wp-caption alignleft\"><img loading=\"lazy\" decoding=\"async\" class=\" wp-image-76700\" src=\"https:\/\/www.tucomarca.com\/wordpress\/segunda\/wp-content\/uploads\/2018\/10\/Neurorrehab_Infantil.jpg\" alt=\"La Unidad de Neurorrehabilitaci\u00f3n Infantil del Hospital de Manises atiende a 26 j\u00f3venes con da\u00f1o cerebral.\" width=\"232\" height=\"174\" srcset=\"https:\/\/www.tucomarca.com\/wordpress\/segunda\/wp-content\/uploads\/2018\/10\/Neurorrehab_Infantil.jpg 3264w, https:\/\/www.tucomarca.com\/wordpress\/segunda\/wp-content\/uploads\/2018\/10\/Neurorrehab_Infantil-300x225.jpg 300w, https:\/\/www.tucomarca.com\/wordpress\/segunda\/wp-content\/uploads\/2018\/10\/Neurorrehab_Infantil-768x576.jpg 768w, https:\/\/www.tucomarca.com\/wordpress\/segunda\/wp-content\/uploads\/2018\/10\/Neurorrehab_Infantil-1024x768.jpg 1024w\" sizes=\"auto, (max-width: 232px) 100vw, 232px\" \/><figcaption id=\"caption-attachment-76700\" class=\"wp-caption-text\">El Hospital de Manises atiende a 26 j\u00f3venes con da\u00f1o cerebral.<\/figcaption><\/figure>\n<p><strong>El centro hospitalario es el \u00fanico de la red de hospitales p\u00fablicos de la Comunidad Valenciana que cuenta con una unidad integrada de estas caracter\u00edsticas<\/strong><\/p>\n<p><strong>Los tratamientos a poblaci\u00f3n infantil con Da\u00f1o Cerebral van dirigidos a minimizar y compensar las alteraciones funcionales asociadas a la lesi\u00f3n que se ha producido en el peque\u00f1o<\/strong><\/p>\n<p><strong>\u201cLas terapias que desarrollamos en la Unidad son multidisciplinares y cuentan con la participaci\u00f3n activa de las familias\u201d, explica su coordinadora Virginia P\u00e9rez<\/strong><\/p>\n<p>El Hospital de Manises, a trav\u00e9s de su Unidad de Neurorrehabilitaci\u00f3n Infantil, est\u00e1 atendiendo a d\u00eda de hoy a 26 ni\u00f1os y ni\u00f1as con lesiones cerebrales. Junto con estos j\u00f3venes, de edades que van desde los cero hasta los quince a\u00f1os, trabaja un equipo multidisciplinar compuesto por neuropediatras, neuropsic\u00f3logos, logopedas, terapeutas ocupacionales, m\u00e9dicos rehabilitadores, fisioterapeutas y trabajadores sociales que ofrecen tratamiento individualizado y grupal a cada uno de ellos, encaminado a mejorar la calidad de vida de los pacientes y alcanzar la mayor independencia posible.<\/p>\n<p>La Unidad, que cumple seis a\u00f1os desde su puesta en marcha, ha hecho balance de su labor con motivo del D\u00eda Mundial del Da\u00f1o Cerebral Adquirido como el \u00fanico hospital p\u00fablico valenciano que cuenta con un servicio integrado de estas caracter\u00edsticas.<\/p>\n<p>El tipo de tratamiento que reciben los pacientes es doble: individualizado y grupal, y va en funci\u00f3n de los objetivos que hay que trabajar, personalizados para cada uno de ellos.<\/p>\n<p><strong>Tratamientos espec\u00edficos<\/strong><\/p>\n<p>De esta manera, se traza un plan de intervenci\u00f3n individualizado junto con las familias, estableciendo los objetivos que ambas partes consideran m\u00e1s \u00fatiles para el desarrollo del ni\u00f1o o la ni\u00f1a. Y en el caso de los pacientes m\u00e1s mayores, estos pueden participar en la elaboraci\u00f3n del plan individualizado.<\/p>\n<p>Al respecto, la coordinadora de la Unidad de Neurorrehabilitaci\u00f3n Infantil del Hospital de Manises, Virginia P\u00e9rez, se\u00f1ala que \u201cpara los pacientes de hasta 3 a\u00f1os hay una mayor intensidad de terapias, si bien a partir de esta edad se reduce el n\u00famero de terapias porque se compagina con el apoyo escolar, algo que resulta fundamental\u201d.<\/p>\n<p>Los tratamientos van dirigidos a minimizar y compensar las alteraciones funcionales asociadas a la lesi\u00f3n que se ha producido en el peque\u00f1o. Tambi\u00e9n conlleva un proceso de aprendizaje y adaptaci\u00f3n a las limitaciones f\u00edsicas o cognitivas que padece. \u201cLos tratamientos que llevamos a cabo en Manises son siempre multidisciplinares y pedimos a las familias que se impliquen directamente, continuando en casa las actividades que marcan los especialistas\u201d, seg\u00fan la coordinadora de la Unidad.<\/p>\n<p><strong>Causas de las lesiones cerebrales<\/strong><\/p>\n<p>En este sentido, los responsables del centro hospitalario han abordado las causas que motivan el da\u00f1o cerebral, que se clasifican seg\u00fan la etapa en la que ocurre la lesi\u00f3n, ya sea con un cerebro en formaci\u00f3n, en crecimiento o en desarrollo. En los prenatales, que suponen un 32% de los casos, se dan factores gen\u00e9ticos, hipoxia-isquemia, hemorragia cerebral prenatal, infecciones intrauterinas, traumatismos, efectos de t\u00f3xicos o malformaciones. En los perinatales, que aglutinan el 50% de los casos, las causas se centran en prematuridad, crecimiento intrauterino retardado, asfixia perinatal, hipoxia isqu\u00e9mica, traumatismos, hemorragia cerebral o infecciones graves. En cambio, los postnatales suponen el 12% de los casos de da\u00f1o cerebral, con causas tan dispares como traumatismos craneoencef\u00e1licos graves, ictus, intoxicaciones, encefalopat\u00eda epil\u00e9ptica o infecciones como meningitis.<\/p>\n<p>Actualmente se estima que entre el 1,5 y el 2,5 por cada 1.000 reci\u00e9n nacidos pueden sufrir alg\u00fan da\u00f1o cerebral adquirido, una incidencia que aumenta en los reci\u00e9n nacidos pret\u00e9rminos y de bajo peso al 40-100 por cada 1.000 nacimientos.<\/p>\n<p>Estos pacientes pedi\u00e1tricos presentan alteraciones del desarrollo del movimiento y de la postura que causa limitaci\u00f3n en la actividad. Tambi\u00e9n pueden presentar epilepsia, d\u00e9ficit cognitivo, alteraciones del lenguaje, anomal\u00edas oftalmol\u00f3gicas y auditivas, trastornos psiqui\u00e1tricos y problemas som\u00e1ticos como reflujo gastroesof\u00e1gico, estre\u00f1imiento, trastornos del sue\u00f1o, complicaciones respiratorias u osteopenia.<\/p>\n<p><strong>La Unidad de Neurorrehabilitaci\u00f3n Infantil, pionera<\/strong><\/p>\n<p>El Departamento de Salud de Manises puso en marcha en 2012 la primera Unidad de Neurorrehabilirtaci\u00f3n Infantil especializada en trastornos del desarrollo integrada en un hospital p\u00fablico valenciano. Se trata de un servicio multidisciplinar que ofrece tratamientos a ni\u00f1os con Da\u00f1o Cerebral y Trastorno del espectro Autista, adem\u00e1s de realizar diagn\u00f3stico diferencial de TEA. El \u00e1rea comenz\u00f3 trabajando con 22 ni\u00f1os con autismo y 13 con da\u00f1o cerebral y actualmente desarrolla terapias con 70 ni\u00f1os con autismo y 26 con da\u00f1o cerebral.<\/p>\n<p>La unidad est\u00e1 ubicada en el Centro de Especialidades de Mislata, en el edificio de Consultas Externas, dentro del complejo del Hospital Militar. La unidad dispone de un \u00e1rea de 250 m\u00b2 totalmente adaptados a las necesidades de los peque\u00f1os. Se trata de una zona reformada que incluye salas de terapia y juego, as\u00ed como equipamiento adecuado a las necesidades de la intervenci\u00f3n seg\u00fan todos los manuales de buenas pr\u00e1cticas de AETAPI y el Instituto Carlos III.<\/p>\n","protected":false},"excerpt":{"rendered":"<div class=\"mh-excerpt\">El centro hospitalario es el \u00fanico de la red de hospitales p\u00fablicos de la Comunidad Valenciana que cuenta con una unidad integrada de estas caracter\u00edsticas Los tratamientos a poblaci\u00f3n infantil con Da\u00f1o Cerebral van dirigidos <a class=\"mh-excerpt-more\" href=\"https:\/\/www.tucomarca.com\/wordpress\/segunda\/la-unidad-de-neurorrehabilitacion-infantil-del-hospital-de-manises-atiende-a-26-jovenes-con-dano-cerebral\/\" title=\"La Unidad de Neurorrehabilitaci\u00f3n Infantil del Hospital de Manises atiende a 26 j\u00f3venes con da\u00f1o cerebral\">[+] <\/a><\/div>\n","protected":false},"author":2,"featured_media":76700,"comment_status":"open","ping_status":"open","sticky":false,"template":"","format":"standard","meta":{"footnotes":""},"categories":[119,10,3],"tags":[136],"class_list":{"0":"post-76699","1":"post","2":"type-post","3":"status-publish","4":"format-standard","5":"has-post-thumbnail","7":"category-sanidad-la-comarca","8":"category-la-hoya","9":"category-seccion","10":"tag-hospital-de-manises"},"_links":{"self":[{"href":"https:\/\/www.tucomarca.com\/wordpress\/segunda\/wp-json\/wp\/v2\/posts\/76699","targetHints":{"allow":["GET"]}}],"collection":[{"href":"https:\/\/www.tucomarca.com\/wordpress\/segunda\/wp-json\/wp\/v2\/posts"}],"about":[{"href":"https:\/\/www.tucomarca.com\/wordpress\/segunda\/wp-json\/wp\/v2\/types\/post"}],"author":[{"embeddable":true,"href":"https:\/\/www.tucomarca.com\/wordpress\/segunda\/wp-json\/wp\/v2\/users\/2"}],"replies":[{"embeddable":true,"href":"https:\/\/www.tucomarca.com\/wordpress\/segunda\/wp-json\/wp\/v2\/comments?post=76699"}],"version-history":[{"count":0,"href":"https:\/\/www.tucomarca.com\/wordpress\/segunda\/wp-json\/wp\/v2\/posts\/76699\/revisions"}],"wp:featuredmedia":[{"embeddable":true,"href":"https:\/\/www.tucomarca.com\/wordpress\/segunda\/wp-json\/wp\/v2\/media\/76700"}],"wp:attachment":[{"href":"https:\/\/www.tucomarca.com\/wordpress\/segunda\/wp-json\/wp\/v2\/media?parent=76699"}],"wp:term":[{"taxonomy":"category","embeddable":true,"href":"https:\/\/www.tucomarca.com\/wordpress\/segunda\/wp-json\/wp\/v2\/categories?post=76699"},{"taxonomy":"post_tag","embeddable":true,"href":"https:\/\/www.tucomarca.com\/wordpress\/segunda\/wp-json\/wp\/v2\/tags?post=76699"}],"curies":[{"name":"wp","href":"https:\/\/api.w.org\/{rel}","templated":true}]}}