{"id":76706,"date":"2018-10-30T21:49:41","date_gmt":"2018-10-30T19:49:41","guid":{"rendered":"http:\/\/www.tucomarca.com\/wordpress\/segunda\/?p=76706"},"modified":"2018-10-30T21:49:41","modified_gmt":"2018-10-30T19:49:41","slug":"requena-celebra-el-acto-entre-carnicerias-con-motivo-del-xxv-aniversario-de-su-muestra-del-embutido-artesano-y-de-calidad","status":"publish","type":"post","link":"https:\/\/www.tucomarca.com\/wordpress\/segunda\/requena-celebra-el-acto-entre-carnicerias-con-motivo-del-xxv-aniversario-de-su-muestra-del-embutido-artesano-y-de-calidad\/","title":{"rendered":"Requena celebra el acto \u00abEntre Carnicer\u00edas\u00bb con motivo del XXV aniversario de su Muestra del Embutido Artesano y de Calidad"},"content":{"rendered":"<div class=\"\">\n<div class=\"\"><img loading=\"lazy\" decoding=\"async\" class=\"alignleft wp-image-76708\" src=\"https:\/\/www.tucomarca.com\/wordpress\/segunda\/wp-content\/uploads\/2018\/10\/Entre_Carnicerias.jpg\" alt=\"\" width=\"307\" height=\"155\" srcset=\"https:\/\/www.tucomarca.com\/wordpress\/segunda\/wp-content\/uploads\/2018\/10\/Entre_Carnicerias.jpg 2156w, https:\/\/www.tucomarca.com\/wordpress\/segunda\/wp-content\/uploads\/2018\/10\/Entre_Carnicerias-300x152.jpg 300w, https:\/\/www.tucomarca.com\/wordpress\/segunda\/wp-content\/uploads\/2018\/10\/Entre_Carnicerias-768x388.jpg 768w, https:\/\/www.tucomarca.com\/wordpress\/segunda\/wp-content\/uploads\/2018\/10\/Entre_Carnicerias-1024x517.jpg 1024w\" sizes=\"auto, (max-width: 307px) 100vw, 307px\" \/>Con motivo del XXV Aniversario de la Muestra del Embutido Artesano y de Calidad, el pr\u00f3ximo martes 30 de octubre a las 12 horas tendr\u00e1 lugar en acto \u00abEntre Carnicer\u00edas\u00bb\u00a0en el intervendr\u00e1n\u00a0el alcalde de Requena, Mario S\u00e1nchez Gonz\u00e1lez y el Presidente del Embutido de Requena, Miguel Garc\u00eda Hern\u00e1ndez.\u00a0 El acto se celebrar\u00e1 en el espacio de recreo Cuesta de Carnicer\u00edas.<\/div>\n<\/div>\n","protected":false},"excerpt":{"rendered":"<div class=\"mh-excerpt\">Con motivo del XXV Aniversario de la Muestra del Embutido Artesano y de Calidad, el pr\u00f3ximo martes 30 de octubre a las 12 horas tendr\u00e1 lugar en acto \u00abEntre Carnicer\u00edas\u00bb\u00a0en el intervendr\u00e1n\u00a0el alcalde de Requena, <a class=\"mh-excerpt-more\" href=\"https:\/\/www.tucomarca.com\/wordpress\/segunda\/requena-celebra-el-acto-entre-carnicerias-con-motivo-del-xxv-aniversario-de-su-muestra-del-embutido-artesano-y-de-calidad\/\" title=\"Requena celebra el acto \u00abEntre Carnicer\u00edas\u00bb con motivo del XXV aniversario de su Muestra del Embutido Artesano y de Calidad\">[+] <\/a><\/div>\n","protected":false},"author":2,"featured_media":76708,"comment_status":"open","ping_status":"open","sticky":false,"template":"","format":"standard","meta":{"footnotes":""},"categories":[4,28,27,3],"tags":[2850,10725],"class_list":{"0":"post-76706","1":"post","2":"type-post","3":"status-publish","4":"format-standard","5":"has-post-thumbnail","7":"category-agenda","8":"category-requena","9":"category-requena-utiel","10":"category-seccion","11":"tag-ayuntamiento-de-requena","12":"tag-xxv-muestra-del-embutido-artesano-de-requena"},"_links":{"self":[{"href":"https:\/\/www.tucomarca.com\/wordpress\/segunda\/wp-json\/wp\/v2\/posts\/76706","targetHints":{"allow":["GET"]}}],"collection":[{"href":"https:\/\/www.tucomarca.com\/wordpress\/segunda\/wp-json\/wp\/v2\/posts"}],"about":[{"href":"https:\/\/www.tucomarca.com\/wordpress\/segunda\/wp-json\/wp\/v2\/types\/post"}],"author":[{"embeddable":true,"href":"https:\/\/www.tucomarca.com\/wordpress\/segunda\/wp-json\/wp\/v2\/users\/2"}],"replies":[{"embeddable":true,"href":"https:\/\/www.tucomarca.com\/wordpress\/segunda\/wp-json\/wp\/v2\/comments?post=76706"}],"version-history":[{"count":0,"href":"https:\/\/www.tucomarca.com\/wordpress\/segunda\/wp-json\/wp\/v2\/posts\/76706\/revisions"}],"wp:featuredmedia":[{"embeddable":true,"href":"https:\/\/www.tucomarca.com\/wordpress\/segunda\/wp-json\/wp\/v2\/media\/76708"}],"wp:attachment":[{"href":"https:\/\/www.tucomarca.com\/wordpress\/segunda\/wp-json\/wp\/v2\/media?parent=76706"}],"wp:term":[{"taxonomy":"category","embeddable":true,"href":"https:\/\/www.tucomarca.com\/wordpress\/segunda\/wp-json\/wp\/v2\/categories?post=76706"},{"taxonomy":"post_tag","embeddable":true,"href":"https:\/\/www.tucomarca.com\/wordpress\/segunda\/wp-json\/wp\/v2\/tags?post=76706"}],"curies":[{"name":"wp","href":"https:\/\/api.w.org\/{rel}","templated":true}]}}