{"id":7671,"date":"2012-10-03T13:25:59","date_gmt":"2012-10-03T11:25:59","guid":{"rendered":"http:\/\/www.tucomarca.com\/wordpress\/segunda\/?p=7671"},"modified":"2012-10-03T13:32:01","modified_gmt":"2012-10-03T11:32:01","slug":"lola-johnson-%c2%abla-inversion-realizada-por-la-generalitat-para-el-reasfaltado-de-cheste-supone-reinaugurar-el-circuit-para-el-gran-premio%c2%bb","status":"publish","type":"post","link":"https:\/\/www.tucomarca.com\/wordpress\/segunda\/lola-johnson-%c2%abla-inversion-realizada-por-la-generalitat-para-el-reasfaltado-de-cheste-supone-reinaugurar-el-circuit-para-el-gran-premio%c2%bb\/","title":{"rendered":"Lola Johnson: \u00abLa inversi\u00f3n realizada por la Generalitat para el reasfaltado de Cheste supone reinaugurar el Circuit para el Gran Premio\u00bb"},"content":{"rendered":"<p style=\"text-align: left;\">&nbsp;<\/p>\n<figure id=\"attachment_7673\" aria-describedby=\"caption-attachment-7673\" style=\"width: 614px\" class=\"wp-caption aligncenter\"><a href=\"https:\/\/www.tucomarca.com\/wordpress\/segunda\/wp-content\/uploads\/2012\/10\/GPCheste2012.jpg\"><img loading=\"lazy\" decoding=\"async\" class=\"size-large wp-image-7673 \" title=\"GPCheste2012\" src=\"https:\/\/www.tucomarca.com\/wordpress\/segunda\/wp-content\/uploads\/2012\/10\/GPCheste2012-1024x718.jpg\" alt=\"Nico Terol dar\u00e1 nombre a la cuarta curva del trazado.\" width=\"614\" height=\"431\" \/><\/a><figcaption id=\"caption-attachment-7673\" class=\"wp-caption-text\">Nico Terol dar\u00e1 nombre a la cuarta curva del trazado.<\/figcaption><\/figure>\n<p>La consellera de Turismo, Cultura y Deporte, Lola Johnson, considera  \u00abespecial\u00bb esta edici\u00f3n del Gran Premio Generali de la Comunitat  Valenciana de motociclismo \u00abporque la inversi\u00f3n realizada por la  Generalitat para el reasfaltado, supone una reinauguraci\u00f3n del Circuit\u00bb.<\/p>\n<p>Johnson, acompa\u00f1ada por los pilotos valencianos que participan  en el Mundial de motociclismo, Nico Terol, H\u00e9ctor Barbera, Adri\u00e1n  Mart\u00edn, Elena Rosell y Jorge Navarro, adem\u00e1s del director del Circuit de  la Comunitat Valenciana Ricardo Tormo, Gonzalo Gobert, ha presentado el  cartel oficial del Gran Premio, \u00faltima prueba del Campeonato del Mundo  de Motociclismo MotoGPTM, que se celebrar\u00e1 en el Circuit del 9 al 11 de  noviembre, para la que la venta de entradas para el Gran Premio  \u00abpresenta una evoluci\u00f3n positiva ya que se ha incrementado un 14%  respecto al a\u00f1o pasado\u00bb, ha anunciado la consellera.<\/p>\n<p>\u00abEl Gran Premio y el Circuit se han consolidado como imagen y  generador de riqueza de la Comunitat\u00bb, ha recalcado Johnson, quien ha  subrayado que el reasfaltado \u00abha permitido una mejor ocupaci\u00f3n de la  pista, que no va a descansar hasta enero\u00bb.<\/p>\n<p><strong>Nico Terol y Riders for Health <\/strong><\/p>\n<p>Con motivo de esta \u00faltima cita del Mundial, el Circuit de la  Comunitat Valenciana Ricardo Tormo pondr\u00e1 el nombre de Nico Terol,  \u00faltimo Campe\u00f3n del Mundo de 125cc, a la curva n\u00famero cuatro del trazado.<\/p>\n<p>El piloto alcoyano ha anunciado que ha elegido la curva n\u00famero  4, la primera hacia la derecha del trazado de Cheste, porque \u00abes un  lugar en el que suceden siempre muchas cosas, es una curva dif\u00edcil en la  que hay muchos adelantamientos. Me hace mucha ilusi\u00f3n y es una  motivaci\u00f3n extra para m\u00ed\u00bb, ha indicado el piloto del Mapfre Aspar Team  en Moto 2.<\/p>\n<p>Adem\u00e1s, entre las actividades complementarias del Gran Premio  Generali de la Comunitat Valenciana, se celebrar\u00e1 el jueves previo a la  prueba, como cada edici\u00f3n, una subasta ben\u00e9fica a favor de la ONG  &#8216;Riders for Health &#8211; Motos Solidarias&#8217;, en la que los pilotos comparten  el d\u00eda con el p\u00fablico y aportan distintos regalos que se subastan entre  los aficionados: cascos, monos, guantes o botas, entre otros art\u00edculos.<\/p>\n","protected":false},"excerpt":{"rendered":"<div class=\"mh-excerpt\">&nbsp; La consellera de Turismo, Cultura y Deporte, Lola Johnson, considera \u00abespecial\u00bb esta edici\u00f3n del Gran Premio Generali de la Comunitat Valenciana de motociclismo \u00abporque la inversi\u00f3n realizada por la Generalitat para el reasfaltado, supone <a class=\"mh-excerpt-more\" href=\"https:\/\/www.tucomarca.com\/wordpress\/segunda\/lola-johnson-%c2%abla-inversion-realizada-por-la-generalitat-para-el-reasfaltado-de-cheste-supone-reinaugurar-el-circuit-para-el-gran-premio%c2%bb\/\" title=\"Lola Johnson: \u00abLa inversi\u00f3n realizada por la Generalitat para el reasfaltado de Cheste supone reinaugurar el Circuit para el Gran Premio\u00bb\">[+] <\/a><\/div>\n","protected":false},"author":1,"featured_media":7673,"comment_status":"open","ping_status":"open","sticky":false,"template":"","format":"standard","meta":{"footnotes":""},"categories":[17,6,72,10,91,3,45],"tags":[],"class_list":{"0":"post-7671","1":"post","2":"type-post","3":"status-publish","4":"format-standard","5":"has-post-thumbnail","7":"category-cheste","8":"category-deportes","9":"category-sin-categorizar","10":"category-la-hoya","11":"category-motociclismo","12":"category-seccion","13":"category-ventana"},"_links":{"self":[{"href":"https:\/\/www.tucomarca.com\/wordpress\/segunda\/wp-json\/wp\/v2\/posts\/7671","targetHints":{"allow":["GET"]}}],"collection":[{"href":"https:\/\/www.tucomarca.com\/wordpress\/segunda\/wp-json\/wp\/v2\/posts"}],"about":[{"href":"https:\/\/www.tucomarca.com\/wordpress\/segunda\/wp-json\/wp\/v2\/types\/post"}],"author":[{"embeddable":true,"href":"https:\/\/www.tucomarca.com\/wordpress\/segunda\/wp-json\/wp\/v2\/users\/1"}],"replies":[{"embeddable":true,"href":"https:\/\/www.tucomarca.com\/wordpress\/segunda\/wp-json\/wp\/v2\/comments?post=7671"}],"version-history":[{"count":0,"href":"https:\/\/www.tucomarca.com\/wordpress\/segunda\/wp-json\/wp\/v2\/posts\/7671\/revisions"}],"wp:featuredmedia":[{"embeddable":true,"href":"https:\/\/www.tucomarca.com\/wordpress\/segunda\/wp-json\/wp\/v2\/media\/7673"}],"wp:attachment":[{"href":"https:\/\/www.tucomarca.com\/wordpress\/segunda\/wp-json\/wp\/v2\/media?parent=7671"}],"wp:term":[{"taxonomy":"category","embeddable":true,"href":"https:\/\/www.tucomarca.com\/wordpress\/segunda\/wp-json\/wp\/v2\/categories?post=7671"},{"taxonomy":"post_tag","embeddable":true,"href":"https:\/\/www.tucomarca.com\/wordpress\/segunda\/wp-json\/wp\/v2\/tags?post=7671"}],"curies":[{"name":"wp","href":"https:\/\/api.w.org\/{rel}","templated":true}]}}