{"id":76733,"date":"2018-10-30T22:08:20","date_gmt":"2018-10-30T20:08:20","guid":{"rendered":"http:\/\/www.tucomarca.com\/wordpress\/segunda\/?p=76733"},"modified":"2018-10-30T22:08:20","modified_gmt":"2018-10-30T20:08:20","slug":"el-circuit-ricardo-tormo-modifica-su-plan-de-accesos-de-cara-al-gran-premio-motul","status":"publish","type":"post","link":"https:\/\/www.tucomarca.com\/wordpress\/segunda\/el-circuit-ricardo-tormo-modifica-su-plan-de-accesos-de-cara-al-gran-premio-motul\/","title":{"rendered":"El Circuit Ricardo Tormo modifica su plan de accesos de cara al Gran Premio Motul"},"content":{"rendered":"<figure id=\"attachment_76730\" aria-describedby=\"caption-attachment-76730\" style=\"width: 850px\" class=\"wp-caption alignnone\"><img loading=\"lazy\" decoding=\"async\" class=\" wp-image-76730\" src=\"https:\/\/www.tucomarca.com\/wordpress\/segunda\/wp-content\/uploads\/2018\/10\/AcesosCircuit18.jpg\" alt=\"El Circuit Ricardo Tormo modifica el seu pla d'accessos de cara al Gran Premi Motul.\" width=\"850\" height=\"602\" srcset=\"https:\/\/www.tucomarca.com\/wordpress\/segunda\/wp-content\/uploads\/2018\/10\/AcesosCircuit18.jpg 1249w, https:\/\/www.tucomarca.com\/wordpress\/segunda\/wp-content\/uploads\/2018\/10\/AcesosCircuit18-300x212.jpg 300w, https:\/\/www.tucomarca.com\/wordpress\/segunda\/wp-content\/uploads\/2018\/10\/AcesosCircuit18-768x544.jpg 768w, https:\/\/www.tucomarca.com\/wordpress\/segunda\/wp-content\/uploads\/2018\/10\/AcesosCircuit18-1024x725.jpg 1024w\" sizes=\"auto, (max-width: 850px) 100vw, 850px\" \/><figcaption id=\"caption-attachment-76730\" class=\"wp-caption-text\">El Circuit Ricardo Tormo modifica el seu pla d&#8217;accessos de cara al Gran Premi Motul.<\/figcaption><\/figure>\n<p>El Circuit Ricardo Tormo ha puesto en marcha un renovado plan de accesos de cara a la celebraci\u00f3n del Gran Premio Motul de la Comunitat Valenciana los pr\u00f3ximos 16, 17 y 18 de noviembre.<\/p>\n<p>Las obras de construcci\u00f3n del nuevo parque empresarial de Cheste, en las inmediaciones del trazado valenciano han obligado al Circuit a proponer nuevos accesos a los aficionados \u00fanicamente para esta edici\u00f3n de la carrera.<\/p>\n<p>Seg\u00fan el director general del Circuit, Gonzalo Gobert, \u00abeste es el principal desaf\u00edo al que nos enfrentamos esta temporada. Llevamos meses trabajando para minimizar las consecuencias de esta situaci\u00f3n sobrevenida para el Circuit\u00bb.<\/p>\n<p>En colaboraci\u00f3n con la Direcci\u00f3n General del Tr\u00e1fico, la Guardia Civil de Tr\u00e1fico y las polic\u00edas locales de Riba-roja de T\u00faria y de Cheste, el Circuit Ricardo Tormo ha modificado las rutas ideales de acceso de los aficionados en funci\u00f3n del tipo de veh\u00edculo y de su procedencia.<\/p>\n<p><b>La moto y el tren, las mejores opciones<\/b><\/p>\n<p>Seg\u00fan el nuevo plan, que se pondr\u00e1 en marcha en las jornadas de s\u00e1bado y domingo, en las que se espera la mayor afluencia, el p\u00fablico que asista en moto podr\u00e1 acceder c\u00f3modamente a su zona de aparcamiento reservada por la denominada ruta A, por la entrada principal del Circuit Ricardo Tormo. De hecho, las plazas de aparcamiento para motos son 2.500 m\u00e1s que en anteriores ediciones.<\/p>\n<p>Esa ruta A ser\u00e1 tambi\u00e9n la que deber\u00e1n utilizar los profesionales y los invitados con veh\u00edculos acreditados.<\/p>\n<p>La organizaci\u00f3n tambi\u00e9n aconseja el uso del tren porque garantiza llegar desde el centro de Val\u00e8ncia hasta el apeadero del Circuit en solo 40 minutos. Desde el apeadero hasta la grada hay que sumar otros 10 minutos caminando. Para evitar aglomeraciones se recomienda salir con tiempo suficiente.<\/p>\n<p><b>Los coches, a los aparcamientos alternativos<\/b><\/p>\n<p>Los aficionados que no tengan otra opci\u00f3n que utilizar sus veh\u00edculos turismos particulares deber\u00e1n utilizar los aparcamientos alternativos puestos en servicio por la organizaci\u00f3n.<\/p>\n<p>Estos aparcamientos estar\u00e1n ubicados en el pol\u00edgono La Reva de Riba-roja de T\u00faria y en el pol\u00edgono Castilla de Cheste y desde esa ubicaci\u00f3n los aficionados ser\u00e1n trasladados en solo 10 minutos hasta el Circuit en autobuses directos y gratuitos que utilizar\u00e1n las rutas B (Riba-roja de T\u00faria) y C (Cheste) en exclusiva. El punto de llegada en el Circuit ser\u00e1 una estaci\u00f3n de autobuses ubicada en las inmediaciones de las entradas de p\u00fablico del Circuit (taquillas 2 y 3).<\/p>\n<p>Asimismo, los taxis compartir\u00e1n con los autobuses esas v\u00edas de acceso, que estar\u00e1n cerradas al resto del tr\u00e1fico para hacer m\u00e1s fluida la entrada y salida de espectadores.<\/p>\n<p>\u00abLas obras de construcci\u00f3n del parque empresarial de Cheste ser\u00e1n muy positivas en el futuro, pero este a\u00f1o debemos afrontar esta dificultad y esperamos contar con la colaboraci\u00f3n de los aficionados, como cada a\u00f1o\u00bb, ha a\u00f1adido Gobert.<\/p>\n","protected":false},"excerpt":{"rendered":"<div class=\"mh-excerpt\">El Circuit Ricardo Tormo ha puesto en marcha un renovado plan de accesos de cara a la celebraci\u00f3n del Gran Premio Motul de la Comunitat Valenciana los pr\u00f3ximos 16, 17 y 18 de noviembre. Las <a class=\"mh-excerpt-more\" href=\"https:\/\/www.tucomarca.com\/wordpress\/segunda\/el-circuit-ricardo-tormo-modifica-su-plan-de-accesos-de-cara-al-gran-premio-motul\/\" title=\"El Circuit Ricardo Tormo modifica su plan de accesos de cara al Gran Premio Motul\">[+] <\/a><\/div>\n","protected":false},"author":1,"featured_media":76731,"comment_status":"open","ping_status":"open","sticky":false,"template":"","format":"standard","meta":{"footnotes":""},"categories":[17,6,72,10,91,10698,3,45],"tags":[621,11111],"class_list":{"0":"post-76733","1":"post","2":"type-post","3":"status-publish","4":"format-standard","5":"has-post-thumbnail","7":"category-cheste","8":"category-deportes","9":"category-sin-categorizar","10":"category-la-hoya","11":"category-motociclismo","12":"category-premsavalenciana","13":"category-seccion","14":"category-ventana","15":"tag-circuit","16":"tag-xest-2"},"_links":{"self":[{"href":"https:\/\/www.tucomarca.com\/wordpress\/segunda\/wp-json\/wp\/v2\/posts\/76733","targetHints":{"allow":["GET"]}}],"collection":[{"href":"https:\/\/www.tucomarca.com\/wordpress\/segunda\/wp-json\/wp\/v2\/posts"}],"about":[{"href":"https:\/\/www.tucomarca.com\/wordpress\/segunda\/wp-json\/wp\/v2\/types\/post"}],"author":[{"embeddable":true,"href":"https:\/\/www.tucomarca.com\/wordpress\/segunda\/wp-json\/wp\/v2\/users\/1"}],"replies":[{"embeddable":true,"href":"https:\/\/www.tucomarca.com\/wordpress\/segunda\/wp-json\/wp\/v2\/comments?post=76733"}],"version-history":[{"count":0,"href":"https:\/\/www.tucomarca.com\/wordpress\/segunda\/wp-json\/wp\/v2\/posts\/76733\/revisions"}],"wp:featuredmedia":[{"embeddable":true,"href":"https:\/\/www.tucomarca.com\/wordpress\/segunda\/wp-json\/wp\/v2\/media\/76731"}],"wp:attachment":[{"href":"https:\/\/www.tucomarca.com\/wordpress\/segunda\/wp-json\/wp\/v2\/media?parent=76733"}],"wp:term":[{"taxonomy":"category","embeddable":true,"href":"https:\/\/www.tucomarca.com\/wordpress\/segunda\/wp-json\/wp\/v2\/categories?post=76733"},{"taxonomy":"post_tag","embeddable":true,"href":"https:\/\/www.tucomarca.com\/wordpress\/segunda\/wp-json\/wp\/v2\/tags?post=76733"}],"curies":[{"name":"wp","href":"https:\/\/api.w.org\/{rel}","templated":true}]}}