{"id":76765,"date":"2018-10-30T21:59:44","date_gmt":"2018-10-30T19:59:44","guid":{"rendered":"http:\/\/www.tucomarca.com\/wordpress\/segunda\/?p=76765"},"modified":"2018-10-30T21:59:44","modified_gmt":"2018-10-30T19:59:44","slug":"fotogaleria-nuevas-actividades-para-todas-las-edades-en-la-x-feria-fica-de-cheste","status":"publish","type":"post","link":"https:\/\/www.tucomarca.com\/wordpress\/segunda\/fotogaleria-nuevas-actividades-para-todas-las-edades-en-la-x-feria-fica-de-cheste\/","title":{"rendered":"Fotogaler\u00eda: Nuevas actividades para todas las edades en la X Feria FICA de Cheste"},"content":{"rendered":"<figure id=\"attachment_76772\" aria-describedby=\"caption-attachment-76772\" style=\"width: 302px\" class=\"wp-caption alignleft\"><img loading=\"lazy\" decoding=\"async\" class=\" wp-image-76772\" src=\"https:\/\/www.tucomarca.com\/wordpress\/segunda\/wp-content\/uploads\/2018\/10\/13FICA.jpeg\" alt=\"La d\u00e9cima edici\u00f3n de la FICA, Feria Intercultural, Comercial y Alternativa de Cheste, organizada por la concejal\u00eda de Comercio.\" width=\"302\" height=\"201\" srcset=\"https:\/\/www.tucomarca.com\/wordpress\/segunda\/wp-content\/uploads\/2018\/10\/13FICA.jpeg 5472w, https:\/\/www.tucomarca.com\/wordpress\/segunda\/wp-content\/uploads\/2018\/10\/13FICA-300x200.jpeg 300w, https:\/\/www.tucomarca.com\/wordpress\/segunda\/wp-content\/uploads\/2018\/10\/13FICA-768x512.jpeg 768w, https:\/\/www.tucomarca.com\/wordpress\/segunda\/wp-content\/uploads\/2018\/10\/13FICA-1024x683.jpeg 1024w\" sizes=\"auto, (max-width: 302px) 100vw, 302px\" \/><figcaption id=\"caption-attachment-76772\" class=\"wp-caption-text\">La d\u00e9cima edici\u00f3n de la FICA, Feria Intercultural, Comercial y Alternativa de Cheste, organizada por la concejal\u00eda de Comercio.<\/figcaption><\/figure>\n<p>El pasado s\u00e1bado, 27 de octubre, arrancaba la d\u00e9cima edici\u00f3n de la FICA, Feria Intercultural, Comercial y Alternativa de Cheste, organizada por la concejal\u00eda de Comercio.<br \/>\nEn horario de 11,00 a 14,00 y de 18,00 a 22,00 horas, la plaza del Mercado de Cheste alberg\u00f3 stands de asociaciones, comerciantes, artesanos y artesanas que mostraron y vendieron sus productos. \u00abEntre las novedades de este a\u00f1o est\u00e1 el cambio de ubicaci\u00f3n, que responde a la solicitud de los comerciantes del Mercado Municipal por estar presentes en la FICA\u00bb, explicaba Ainoha Albiach, la concejala de Comercio.<br \/>\n\u00abAdem\u00e1s, en esta edici\u00f3n hemos ampliado la oferta de actividades paralelas a la feria, se han duplicado las actuaciones musicales, hay m\u00e1s actividades infantiles y se ha programado un desfile canino para promover la adopci\u00f3n de perros sin hogar, a cargo de Jadoul M\u00e9s que Gossos, una asociaci\u00f3n local\u00bb.<br \/>\nOtra de las apuestas de la X FICA ha sido incluir oferta gastron\u00f3mica. \u00abEsta era una demanda que ven\u00eda manifest\u00e1ndose en los \u00faltimos a\u00f1os por parte de las personas que visitaban la feria; por eso este a\u00f1o hemos organizado un \u201ctardeo\u201d, a cargo de los comerciantes del mercado, que han preparado una carta muy completa de tapas y bebidas con toda su ilusi\u00f3n\u00bb, destacaba Albiach.<br \/>\n\u00abPor otra parte, para animar el ambiente de la feria, tambi\u00e9n contamos con la \u00fanica tuna femenina de Valencia, de la universidad de Medicina. Nuestra idea es es hacer que la FICA contin\u00fae consolid\u00e1ndose a\u00f1o tras a\u00f1o, a trav\u00e9s de la programaci\u00f3n de m\u00e1s actividades que la hagan atractiva, tanto para el p\u00fablico que la visita, como para los y las comerciantes\u00bb.<br \/>\n\u00abLa FICA da espacio a comercios, artesanos y artesanas y asociaciones, sobre todo con la finalidad de que ense\u00f1emos a qu\u00e9 nos dedicamos o qu\u00e9 podemos ofrecer. Personalmente me parece muy buena idea y creo que tiene buena acogida por parte de la gente del pueblo\u00bb, afirmaba Ruth Gisbert, una de las participantes en la feria.<br \/>\n\u00abEn nuestro caso, estamos fundando una nueva asociaci\u00f3n aqu\u00ed en Cheste, el Rebost, y hemos tenido la oportunidad de participar en la FICA para darnos a conocer. Somos un grupo de amigos y amigas que compartimos la afici\u00f3n por la cocina y nuestra intenci\u00f3n es recopilar recetas de Cheste, como la torta de chichurritas, que ya no se hacen en ninguna panader\u00eda de Cheste, con la finalidad de mantener viva la tradici\u00f3n gastron\u00f3mica de nuestro pueblo y promocionarla\u00bb.<br \/>\nLa X FICA cont\u00f3 con juegos infantiles con un castillo hinchable, camas el\u00e1sticas, globoflexia y pintacaras. Adem\u00e1s, comercios y entidades locales, como Zurh, Sonia Zapater\u00eda, Jadoul M\u00e9s que Gossos, Psicologoteca, Mar\u00eda Tello, la escuela El Pinar y la asociaci\u00f3n Isl\u00e1mica ofrecieron talleres gratuitos para todas las edades.<br \/>\nCoincidiendo con el \u201ctardeo\u201d del s\u00e1bado tuvieron lugar dos actuaciones de m\u00fasica en directo, a cargo de Bibrass D\u2019Or y No Named Band y la feria finaliz\u00f3 el domingo con un desfile de moda protagonizado por la reina de las fiestas de la Vendimia y su Corte de Honor; a cargo de Zurh, Bacobo, Pixword, Nuria Peluquer\u00eda, Dami\u00e1n Rubert y Celia M\u00e1\u00f1ez Bochons.<\/p>\n","protected":false},"excerpt":{"rendered":"<div class=\"mh-excerpt\">El pasado s\u00e1bado, 27 de octubre, arrancaba la d\u00e9cima edici\u00f3n de la FICA, Feria Intercultural, Comercial y Alternativa de Cheste, organizada por la concejal\u00eda de Comercio. En horario de 11,00 a 14,00 y de 18,00 <a class=\"mh-excerpt-more\" href=\"https:\/\/www.tucomarca.com\/wordpress\/segunda\/fotogaleria-nuevas-actividades-para-todas-las-edades-en-la-x-feria-fica-de-cheste\/\" title=\"Fotogaler\u00eda: Nuevas actividades para todas las edades en la X Feria FICA de Cheste\">[+] <\/a><\/div>\n","protected":false},"author":2,"featured_media":76772,"comment_status":"open","ping_status":"open","sticky":false,"template":"","format":"standard","meta":{"footnotes":""},"categories":[17,10,7,3,45],"tags":[10470,11299],"class_list":{"0":"post-76765","1":"post","2":"type-post","3":"status-publish","4":"format-standard","5":"has-post-thumbnail","7":"category-cheste","8":"category-la-hoya","9":"category-ocio-y-cultura","10":"category-seccion","11":"category-ventana","12":"tag-ayuntamiento-de-cheste","13":"tag-x-fica-cheste"},"_links":{"self":[{"href":"https:\/\/www.tucomarca.com\/wordpress\/segunda\/wp-json\/wp\/v2\/posts\/76765","targetHints":{"allow":["GET"]}}],"collection":[{"href":"https:\/\/www.tucomarca.com\/wordpress\/segunda\/wp-json\/wp\/v2\/posts"}],"about":[{"href":"https:\/\/www.tucomarca.com\/wordpress\/segunda\/wp-json\/wp\/v2\/types\/post"}],"author":[{"embeddable":true,"href":"https:\/\/www.tucomarca.com\/wordpress\/segunda\/wp-json\/wp\/v2\/users\/2"}],"replies":[{"embeddable":true,"href":"https:\/\/www.tucomarca.com\/wordpress\/segunda\/wp-json\/wp\/v2\/comments?post=76765"}],"version-history":[{"count":0,"href":"https:\/\/www.tucomarca.com\/wordpress\/segunda\/wp-json\/wp\/v2\/posts\/76765\/revisions"}],"wp:featuredmedia":[{"embeddable":true,"href":"https:\/\/www.tucomarca.com\/wordpress\/segunda\/wp-json\/wp\/v2\/media\/76772"}],"wp:attachment":[{"href":"https:\/\/www.tucomarca.com\/wordpress\/segunda\/wp-json\/wp\/v2\/media?parent=76765"}],"wp:term":[{"taxonomy":"category","embeddable":true,"href":"https:\/\/www.tucomarca.com\/wordpress\/segunda\/wp-json\/wp\/v2\/categories?post=76765"},{"taxonomy":"post_tag","embeddable":true,"href":"https:\/\/www.tucomarca.com\/wordpress\/segunda\/wp-json\/wp\/v2\/tags?post=76765"}],"curies":[{"name":"wp","href":"https:\/\/api.w.org\/{rel}","templated":true}]}}