{"id":76812,"date":"2018-11-02T14:16:11","date_gmt":"2018-11-02T12:16:11","guid":{"rendered":"http:\/\/www.tucomarca.com\/wordpress\/segunda\/?p=76812"},"modified":"2018-11-02T14:16:11","modified_gmt":"2018-11-02T12:16:11","slug":"la-comision-de-medio-ambiente-de-la-femp-visita-las-instalaciones-del-consorcio-valencia-interior-en-caudete-de-las-fuentes","status":"publish","type":"post","link":"https:\/\/www.tucomarca.com\/wordpress\/segunda\/la-comision-de-medio-ambiente-de-la-femp-visita-las-instalaciones-del-consorcio-valencia-interior-en-caudete-de-las-fuentes\/","title":{"rendered":"La Comisi\u00f3n de Medio Ambiente de la FEMP visita las instalaciones del Consorcio Valencia Interior en Caudete de las Fuentes"},"content":{"rendered":"<figure id=\"attachment_76813\" aria-describedby=\"caption-attachment-76813\" style=\"width: 388px\" class=\"wp-caption alignleft\"><img loading=\"lazy\" decoding=\"async\" class=\" wp-image-76813\" src=\"https:\/\/www.tucomarca.com\/wordpress\/segunda\/wp-content\/uploads\/2018\/11\/foto6-e1541103274533.jpg\" alt=\"La Comisi\u00f3n de Medio Ambiente de la FEMP en las instalaciones del CVI en Caudete de las Fuentes.\" width=\"388\" height=\"190\" srcset=\"https:\/\/www.tucomarca.com\/wordpress\/segunda\/wp-content\/uploads\/2018\/11\/foto6-e1541103274533.jpg 1228w, https:\/\/www.tucomarca.com\/wordpress\/segunda\/wp-content\/uploads\/2018\/11\/foto6-e1541103274533-300x147.jpg 300w, https:\/\/www.tucomarca.com\/wordpress\/segunda\/wp-content\/uploads\/2018\/11\/foto6-e1541103274533-768x376.jpg 768w, https:\/\/www.tucomarca.com\/wordpress\/segunda\/wp-content\/uploads\/2018\/11\/foto6-e1541103274533-1024x502.jpg 1024w\" sizes=\"auto, (max-width: 388px) 100vw, 388px\" \/><figcaption id=\"caption-attachment-76813\" class=\"wp-caption-text\">La Comisi\u00f3n de Medio Ambiente de la FEMP en las instalaciones del CVI en Caudete de las Fuentes.<\/figcaption><\/figure>\n<p><b>Alcaldes y concejales de toda Espa\u00f1a conocen de primera mano la planta de tratamiento de residuos y el vertedero como referentes por su tecnolog\u00eda, su rendimiento y su integraci\u00f3n en el entorno<\/b><\/p>\n<p>Los miembros de la Comisi\u00f3n de Medio Ambiente de la Federaci\u00f3n Espa\u00f1ola de Municipios y Provincias(FEMP) han visitado las instalaciones del Consorcio Valencia Interior en Caudete de las Fuentes. Un total de doce alcaldes y concejales llegados de varios puntos de Espa\u00f1a pudieron conocer de primera mano la planta de tratamiento de residuos de Caudete de las Fuentes y el vertedero, referentes por su rendimiento de recuperaci\u00f3n de materiales aprovechables, por su integraci\u00f3n en el entorno, por su l\u00ednea \u00fanica de recuperaci\u00f3n de vidrio, aluminio y \u00e1ridos tras el compostaje y por su depuradora de lixiviados.<\/p>\n<p>El presidente del CVI, Manuel Civera, miembro de la comisi\u00f3n de Medio Ambiente de la FEMP, ha ejercido de anfitri\u00f3n y ha agradecido la presencia de los miembros de esta comisi\u00f3n que se ha desplazado para celebrar su reuni\u00f3n en Ll\u00edria. Los asistentes han agradecido la acogida recibida y han podido departir acerca de cuestiones medioambientales. Menci\u00f3n especial tuvo el dep\u00f3sito de depuraci\u00f3n por ultrafiltraci\u00f3n de las aguas de proceso y los lixiviados del vertedero, donde comprobaron que gracias a este proceso, los lixiviados pasan de ser un residuo contaminante a transformarse en agua limpia. Es decir, pasa de ser un residuo problem\u00e1tico a un recurso valioso.<\/p>\n<p>Los alcaldes y concejales se interesaron tambi\u00e9n por la herramienta pionera del CVI, Mi Cuenta Ambiental, gracias a la cual se bonifica a las personas usuarias que tengan un buen comportamiento ciudadano con el reciclaje. Este aspecto fue alabado por los asistentes, quienes incluso hablaron de poder importar este servicio a sus lugares de procedencia.<\/p>\n<p>Adem\u00e1s, pudieron ver la l\u00ednea de recuperaci\u00f3n de fragmentos de vidrio tras el compostaje en la planta, que ha posibilitado una mejora en la eficiencia global de recuperaci\u00f3n. Este sistema es el primero de estas caracter\u00edsticas que se ha implantado en la Comunitat Valenciana y con \u00e9l aumenta un 4% m\u00e1s la cantidad de materiales recuperados en las instalaciones del Consorcio.<\/p>\n<p>Civera manifest\u00f3 que el Consorcio Valencia Interior \u201ces una entidad comprometida con el medio ambiente y que, desde el inicio y antes incluso de la construcci\u00f3n de las instalaciones, dise\u00f1\u00f3 las mismas contando con la \u00faltima tecnolog\u00eda para obtener los mejores resultados medioambientales\u201d y recalc\u00f3 que el Consorcio que preside \u201ctiene como objetivo convertirse en la entidad referente en el \u00e1mbito de la gesti\u00f3n de residuos y la lucha contra el cambio clim\u00e1tico\u201d.<\/p>\n","protected":false},"excerpt":{"rendered":"<div class=\"mh-excerpt\">Alcaldes y concejales de toda Espa\u00f1a conocen de primera mano la planta de tratamiento de residuos y el vertedero como referentes por su tecnolog\u00eda, su rendimiento y su integraci\u00f3n en el entorno Los miembros de <a class=\"mh-excerpt-more\" href=\"https:\/\/www.tucomarca.com\/wordpress\/segunda\/la-comision-de-medio-ambiente-de-la-femp-visita-las-instalaciones-del-consorcio-valencia-interior-en-caudete-de-las-fuentes\/\" title=\"La Comisi\u00f3n de Medio Ambiente de la FEMP visita las instalaciones del Consorcio Valencia Interior en Caudete de las Fuentes\">[+] <\/a><\/div>\n","protected":false},"author":2,"featured_media":76813,"comment_status":"open","ping_status":"open","sticky":false,"template":"","format":"standard","meta":{"footnotes":""},"categories":[37,72,117,27,3,45],"tags":[11303,417,10220],"class_list":{"0":"post-76812","1":"post","2":"type-post","3":"status-publish","4":"format-standard","5":"has-post-thumbnail","7":"category-caudete","8":"category-sin-categorizar","9":"category-medio-ambiente-la-comarca","10":"category-requena-utiel","11":"category-seccion","12":"category-ventana","13":"tag-caudete-de-la-fuentes","14":"tag-consorcio-valencia-interior","15":"tag-cvi"},"_links":{"self":[{"href":"https:\/\/www.tucomarca.com\/wordpress\/segunda\/wp-json\/wp\/v2\/posts\/76812","targetHints":{"allow":["GET"]}}],"collection":[{"href":"https:\/\/www.tucomarca.com\/wordpress\/segunda\/wp-json\/wp\/v2\/posts"}],"about":[{"href":"https:\/\/www.tucomarca.com\/wordpress\/segunda\/wp-json\/wp\/v2\/types\/post"}],"author":[{"embeddable":true,"href":"https:\/\/www.tucomarca.com\/wordpress\/segunda\/wp-json\/wp\/v2\/users\/2"}],"replies":[{"embeddable":true,"href":"https:\/\/www.tucomarca.com\/wordpress\/segunda\/wp-json\/wp\/v2\/comments?post=76812"}],"version-history":[{"count":0,"href":"https:\/\/www.tucomarca.com\/wordpress\/segunda\/wp-json\/wp\/v2\/posts\/76812\/revisions"}],"wp:featuredmedia":[{"embeddable":true,"href":"https:\/\/www.tucomarca.com\/wordpress\/segunda\/wp-json\/wp\/v2\/media\/76813"}],"wp:attachment":[{"href":"https:\/\/www.tucomarca.com\/wordpress\/segunda\/wp-json\/wp\/v2\/media?parent=76812"}],"wp:term":[{"taxonomy":"category","embeddable":true,"href":"https:\/\/www.tucomarca.com\/wordpress\/segunda\/wp-json\/wp\/v2\/categories?post=76812"},{"taxonomy":"post_tag","embeddable":true,"href":"https:\/\/www.tucomarca.com\/wordpress\/segunda\/wp-json\/wp\/v2\/tags?post=76812"}],"curies":[{"name":"wp","href":"https:\/\/api.w.org\/{rel}","templated":true}]}}