{"id":76841,"date":"2018-11-02T15:19:46","date_gmt":"2018-11-02T13:19:46","guid":{"rendered":"http:\/\/www.tucomarca.com\/wordpress\/segunda\/?p=76841"},"modified":"2018-11-02T15:19:46","modified_gmt":"2018-11-02T13:19:46","slug":"manuel-alcaraz-ha-participado-en-la-presentacion-de-la-web-govern-obert-del-ayuntamiento-de-riba-roja","status":"publish","type":"post","link":"https:\/\/www.tucomarca.com\/wordpress\/segunda\/manuel-alcaraz-ha-participado-en-la-presentacion-de-la-web-govern-obert-del-ayuntamiento-de-riba-roja\/","title":{"rendered":"Manuel Alcaraz ha participado en la presentaci\u00f3n de la web &#8216;Govern Obert&#8217; del ayuntamiento de Riba-roja"},"content":{"rendered":"<figure id=\"attachment_76842\" aria-describedby=\"caption-attachment-76842\" style=\"width: 258px\" class=\"wp-caption alignleft\"><img loading=\"lazy\" decoding=\"async\" class=\" wp-image-76842\" src=\"https:\/\/www.tucomarca.com\/wordpress\/segunda\/wp-content\/uploads\/2018\/11\/riba-roja.jpg\" alt=\"El conseller Alcaraz ha destacado la importancia de esta &quot;nueva herramienta de transparencia&quot;.\" width=\"258\" height=\"344\" srcset=\"https:\/\/www.tucomarca.com\/wordpress\/segunda\/wp-content\/uploads\/2018\/11\/riba-roja.jpg 1200w, https:\/\/www.tucomarca.com\/wordpress\/segunda\/wp-content\/uploads\/2018\/11\/riba-roja-225x300.jpg 225w, https:\/\/www.tucomarca.com\/wordpress\/segunda\/wp-content\/uploads\/2018\/11\/riba-roja-768x1024.jpg 768w, https:\/\/www.tucomarca.com\/wordpress\/segunda\/wp-content\/uploads\/2018\/11\/riba-roja-1024x1364.jpg 1024w\" sizes=\"auto, (max-width: 258px) 100vw, 258px\" \/><figcaption id=\"caption-attachment-76842\" class=\"wp-caption-text\">El conseller Alcaraz ha destacado la importancia de esta \u00abnueva herramienta de transparencia\u00bb.<\/figcaption><\/figure>\n<p>El conseller de Transparencia, Responsabilidad Social, Participaci\u00f3n y Cooperaci\u00f3n, Manuel Alcaraz, ha participado en la presentaci\u00f3n de la web &#8216;Govern Obert&#8217; del ayuntamiento de Riba-roja, acto en el que ha estado acompa\u00f1ado por el alcalde de Riba-roja, Robert Raga, y el concejal de Transparencia y Participaci\u00f3n, Rafael G\u00f3mez.<\/p>\n<p>El conseller Alcaraz ha destacado la importancia de esta \u00abnueva herramienta de transparencia\u00bb que el ayuntamiento de Riba-roja pone a disposici\u00f3n de todos los ciudadanos y ciudadanas \u00abpara ser un gobierno m\u00e1s abierto y donde la participaci\u00f3n tenga m\u00e1s peso en el \u00e1mbito local\u00bb.<\/p>\n<p>El conseller de Transparencia ha afirmado que iniciativas como esta \u00abson clave para recuperar la confianza de la ciudadan\u00eda hacia sus instituciones y la gesti\u00f3n de las pol\u00edticas p\u00fablicas\u00bb.<\/p>\n<p>El nuevo portal\u00a0www.gobiernoabierto.ribarroja.es\u00a0permitir\u00e1 a la ciudadan\u00eda realizar tr\u00e1mites de forma on line; consultar informaci\u00f3n sobre la actividad p\u00fablica, los sueldos de los pol\u00edticos, d\u00f3nde van destinados los impuestos o las ayudas y subvenciones; acercarse de forma f\u00e1cil y atractiva a los presupuestos municipales y su ejecuci\u00f3n a trav\u00e9s de un Visor Presupuestario; adem\u00e1s de fomentar la participaci\u00f3n de los ciudadanos y ciudadanas, entre otras cuestiones.<\/p>\n","protected":false},"excerpt":{"rendered":"<div class=\"mh-excerpt\">El conseller de Transparencia, Responsabilidad Social, Participaci\u00f3n y Cooperaci\u00f3n, Manuel Alcaraz, ha participado en la presentaci\u00f3n de la web &#8216;Govern Obert&#8217; del ayuntamiento de Riba-roja, acto en el que ha estado acompa\u00f1ado por el alcalde <a class=\"mh-excerpt-more\" href=\"https:\/\/www.tucomarca.com\/wordpress\/segunda\/manuel-alcaraz-ha-participado-en-la-presentacion-de-la-web-govern-obert-del-ayuntamiento-de-riba-roja\/\" title=\"Manuel Alcaraz ha participado en la presentaci\u00f3n de la web &#8216;Govern Obert&#8217; del ayuntamiento de Riba-roja\">[+] <\/a><\/div>\n","protected":false},"author":1,"featured_media":76842,"comment_status":"open","ping_status":"open","sticky":false,"template":"","format":"standard","meta":{"footnotes":""},"categories":[46,128,8,142,182,3],"tags":[1504],"class_list":{"0":"post-76841","1":"post","2":"type-post","3":"status-publish","4":"format-standard","5":"has-post-thumbnail","7":"category-camp-de-turia","8":"category-infraestructuras","9":"category-la-comarca","10":"category-politica-la-comarca","11":"category-riba-roja","12":"category-seccion","13":"tag-riba-roja-2"},"_links":{"self":[{"href":"https:\/\/www.tucomarca.com\/wordpress\/segunda\/wp-json\/wp\/v2\/posts\/76841","targetHints":{"allow":["GET"]}}],"collection":[{"href":"https:\/\/www.tucomarca.com\/wordpress\/segunda\/wp-json\/wp\/v2\/posts"}],"about":[{"href":"https:\/\/www.tucomarca.com\/wordpress\/segunda\/wp-json\/wp\/v2\/types\/post"}],"author":[{"embeddable":true,"href":"https:\/\/www.tucomarca.com\/wordpress\/segunda\/wp-json\/wp\/v2\/users\/1"}],"replies":[{"embeddable":true,"href":"https:\/\/www.tucomarca.com\/wordpress\/segunda\/wp-json\/wp\/v2\/comments?post=76841"}],"version-history":[{"count":0,"href":"https:\/\/www.tucomarca.com\/wordpress\/segunda\/wp-json\/wp\/v2\/posts\/76841\/revisions"}],"wp:featuredmedia":[{"embeddable":true,"href":"https:\/\/www.tucomarca.com\/wordpress\/segunda\/wp-json\/wp\/v2\/media\/76842"}],"wp:attachment":[{"href":"https:\/\/www.tucomarca.com\/wordpress\/segunda\/wp-json\/wp\/v2\/media?parent=76841"}],"wp:term":[{"taxonomy":"category","embeddable":true,"href":"https:\/\/www.tucomarca.com\/wordpress\/segunda\/wp-json\/wp\/v2\/categories?post=76841"},{"taxonomy":"post_tag","embeddable":true,"href":"https:\/\/www.tucomarca.com\/wordpress\/segunda\/wp-json\/wp\/v2\/tags?post=76841"}],"curies":[{"name":"wp","href":"https:\/\/api.w.org\/{rel}","templated":true}]}}