{"id":76900,"date":"2018-11-02T20:00:03","date_gmt":"2018-11-02T18:00:03","guid":{"rendered":"http:\/\/www.tucomarca.com\/wordpress\/segunda\/?p=76900"},"modified":"2018-11-02T15:43:35","modified_gmt":"2018-11-02T13:43:35","slug":"jornada-de-derbis-en-la-hoya-el-chiva-cf-recibe-a-la-ud%e2%80%88godelleta-y-el-atletico-macastre-al-turis","status":"publish","type":"post","link":"https:\/\/www.tucomarca.com\/wordpress\/segunda\/jornada-de-derbis-en-la-hoya-el-chiva-cf-recibe-a-la-ud%e2%80%88godelleta-y-el-atletico-macastre-al-turis\/","title":{"rendered":"Jornada de derbis en La Hoya: el Chiva CF recibe a la UD\u2008Godelleta y el Atl\u00e9tico Macastre al Tur\u00eds"},"content":{"rendered":"<p>Jornada de derbis para los equipos de La Hoya en Segunda Regional, donde los cuatro representantes de la comarca se prev\u00e9 que muestren mucha intensidad y fairplay.<\/p>\n<p>El Chiva CF col\u00edder de Germ\u00e1n se enfrenta a la UD Godelleta de Domingo (puesto 13) ambos sumando la anterior jornada: Chiva 0-3 a Paiporta y Godelleta 2-2 frente Macastre en el derbi, por lo que tienen poco que perder y mucho que ganar en un partidazo de derbi con mucho orgullo en juego.<\/p>\n<p>El t\u00e9cnico del equipo l\u00edder, Germ\u00e1n, ha hablado para tucomarca.com: \u00abEsperamos que podamos conseguir los tres puntos despu\u00e9s de una din\u00e1mica tan positiva y de haber conseguido sacar en tres salidas consecutivas. Esperamos a un Godelleta que por lo que dice la clasificaci\u00f3n, parece rival f\u00e1cil, pero estamos convencidos de que no lo van a ser y dar\u00e1 el m\u00e1ximo contra nosotros. A la afici\u00f3n le decimos que con ilusi\u00f3n les esperamos para que acuda al campo el mayor n\u00famero de gente porque el equipo los necesita y est\u00e1 con muchas ganas de jugar ante ellos y ellas, adem\u00e1s de seguir con la racha de victorias con ellos en volandas, no les defraudaremos\u00bb.<\/p>\n<p><strong>Macastre- Tur\u00eds Preferente <\/strong><\/p>\n<p>El otro derbi de la jornada lo ofrece el Atl\u00e9tico de Macastre que recibe a sus vecinos de Tur\u00eds, actuales colista y pen\u00faltimo, con un s\u00f3lo punto en su haber ambos, por lo que los dos querr\u00e1n salir de esa zona baja y frente a vecinos las victorias saben mejor. Tanto los de Manolo como los de Andr\u00e9s Montoya querr\u00e1n ganar, sumar los tres puntos y llevarse el orgullo de vencer en el derbi entre vecinos. Bien es cierto que la din\u00e1mica del Macastre empatando a 2 es mejor que la goleada reciente del Tur\u00eds por 1-7, pero los derbis poco importa como vengan, sino la intensidad en el grueso del mismo. Informa, Ra\u00fal Miralles @raulmks<\/p>\n","protected":false},"excerpt":{"rendered":"<div class=\"mh-excerpt\">Jornada de derbis para los equipos de La Hoya en Segunda Regional, donde los cuatro representantes de la comarca se prev\u00e9 que muestren mucha intensidad y fairplay. El Chiva CF col\u00edder de Germ\u00e1n se enfrenta <a class=\"mh-excerpt-more\" href=\"https:\/\/www.tucomarca.com\/wordpress\/segunda\/jornada-de-derbis-en-la-hoya-el-chiva-cf-recibe-a-la-ud%e2%80%88godelleta-y-el-atletico-macastre-al-turis\/\" title=\"Jornada de derbis en La Hoya: el Chiva CF recibe a la UD\u2008Godelleta y el Atl\u00e9tico Macastre al Tur\u00eds\">[+] <\/a><\/div>\n","protected":false},"author":1,"featured_media":75904,"comment_status":"open","ping_status":"open","sticky":false,"template":"","format":"standard","meta":{"footnotes":""},"categories":[50,16,6,14,10,42,13,3,43,45],"tags":[10379],"class_list":{"0":"post-76900","1":"post","2":"type-post","3":"status-publish","4":"format-standard","5":"has-post-thumbnail","7":"category-futbol-deportes","8":"category-chiva","9":"category-deportes","10":"category-godelleta","11":"category-la-hoya","12":"category-la-ribera","13":"category-macastre","14":"category-seccion","15":"category-turis","16":"category-ventana","17":"tag-deportes"},"_links":{"self":[{"href":"https:\/\/www.tucomarca.com\/wordpress\/segunda\/wp-json\/wp\/v2\/posts\/76900","targetHints":{"allow":["GET"]}}],"collection":[{"href":"https:\/\/www.tucomarca.com\/wordpress\/segunda\/wp-json\/wp\/v2\/posts"}],"about":[{"href":"https:\/\/www.tucomarca.com\/wordpress\/segunda\/wp-json\/wp\/v2\/types\/post"}],"author":[{"embeddable":true,"href":"https:\/\/www.tucomarca.com\/wordpress\/segunda\/wp-json\/wp\/v2\/users\/1"}],"replies":[{"embeddable":true,"href":"https:\/\/www.tucomarca.com\/wordpress\/segunda\/wp-json\/wp\/v2\/comments?post=76900"}],"version-history":[{"count":0,"href":"https:\/\/www.tucomarca.com\/wordpress\/segunda\/wp-json\/wp\/v2\/posts\/76900\/revisions"}],"wp:featuredmedia":[{"embeddable":true,"href":"https:\/\/www.tucomarca.com\/wordpress\/segunda\/wp-json\/wp\/v2\/media\/75904"}],"wp:attachment":[{"href":"https:\/\/www.tucomarca.com\/wordpress\/segunda\/wp-json\/wp\/v2\/media?parent=76900"}],"wp:term":[{"taxonomy":"category","embeddable":true,"href":"https:\/\/www.tucomarca.com\/wordpress\/segunda\/wp-json\/wp\/v2\/categories?post=76900"},{"taxonomy":"post_tag","embeddable":true,"href":"https:\/\/www.tucomarca.com\/wordpress\/segunda\/wp-json\/wp\/v2\/tags?post=76900"}],"curies":[{"name":"wp","href":"https:\/\/api.w.org\/{rel}","templated":true}]}}