{"id":7702,"date":"2012-10-04T10:19:29","date_gmt":"2012-10-04T08:19:29","guid":{"rendered":"http:\/\/www.tucomarca.com\/wordpress\/segunda\/?p=7702"},"modified":"2012-10-04T14:21:03","modified_gmt":"2012-10-04T12:21:03","slug":"la-fsmcv-confirma-a-sus-presidentes-comarcales-que-la-asamblea-general-se-celebrara-al-cierre-de-octubre","status":"publish","type":"post","link":"https:\/\/www.tucomarca.com\/wordpress\/segunda\/la-fsmcv-confirma-a-sus-presidentes-comarcales-que-la-asamblea-general-se-celebrara-al-cierre-de-octubre\/","title":{"rendered":"La FSMCV confirma a sus presidentes comarcales que la Asamblea General se celebrar\u00e1 al cierre de octubre"},"content":{"rendered":"<p><figure id=\"attachment_7719\" aria-describedby=\"caption-attachment-7719\" style=\"width: 300px\" class=\"wp-caption alignleft\"><a href=\"https:\/\/www.tucomarca.com\/wordpress\/segunda\/?attachment_id=7719\" rel=\"attachment wp-att-7719\"><img loading=\"lazy\" decoding=\"async\" src=\"https:\/\/www.tucomarca.com\/wordpress\/segunda\/wp-content\/uploads\/2012\/10\/fsmcvface-300x192.jpg\" alt=\"\" title=\"fsmcvface\" width=\"300\" height=\"192\" class=\"size-medium wp-image-7719\" srcset=\"https:\/\/www.tucomarca.com\/wordpress\/segunda\/wp-content\/uploads\/2012\/10\/fsmcvface-300x192.jpg 300w, https:\/\/www.tucomarca.com\/wordpress\/segunda\/wp-content\/uploads\/2012\/10\/fsmcvface.jpg 800w\" sizes=\"auto, (max-width: 300px) 100vw, 300px\" \/><\/a><figcaption id=\"caption-attachment-7719\" class=\"wp-caption-text\">Asistentes a la reuni\u00f3n convocada por la FSMCV. tc.c<\/figcaption><\/figure>Tal como ya inform\u00f3 este semanario en su edici\u00f3n en papel, la Junta Directiva y los presidentes comarcales de la FSMCV \u2014entre ellos el recientemente elegido presidente comarcal de La Hoya, Ricardo Sales\u2014 participaron d\u00edas atr\u00e1s en la reuni\u00f3n de la estructura federal que tuvo lugar en la sede social de la Sociedad Cultural Uni\u00f3n Musical de Muro. En este Consejo Intercomarcal, la estructura federal, despu\u00e9s de aprobar el acta del consejo anterior, analiz\u00f3 y valor\u00f3 las diferentes actividades y proyectos que la FSMCV ha llevado a cabo durante el \u00faltimo ejercicio. Asimismo, los presidentes comarcales fueron detalladamente informados de la organizaci\u00f3n y contenidos de la pr\u00f3xima Asamblea General, a celebrar en Les Alqueries durante el \u00faltimo fin de semana de octubre.<\/p>\n<p>Presidente comarcal<br \/>\n    D\u00edas antes de la reuni\u00f3n acontecida en Muro se citaron los presidentes de las bandas de la comarca para elegir al sustituto del fallecido Rafael Bad\u00eda.<br \/>\nTras una ajustada votaci\u00f3n, Ricardo Sales \u2014de la Sociedad Musical \u00abSanta Cecilia\u00bb de Macastre\u2014 se impuso a Jos\u00e9 Ricardo P\u00e9rez \u2014Sociedad Musical \u00abMillarense\u00bb de Millares\u2014.<br \/>\nEn esta elecci\u00f3n estuvo presente el presidente provincial de Valencia, Salvador Benavent, quien se sum\u00f3 al aplauso brindado al anterior presidente comarcal, Rafa Bad\u00eda, por parte de todos los presentes.<\/p>\n","protected":false},"excerpt":{"rendered":"<div class=\"mh-excerpt\">Tal como ya inform\u00f3 este semanario en su edici\u00f3n en papel, la Junta Directiva y los presidentes comarcales de la FSMCV \u2014entre ellos el recientemente elegido presidente comarcal de La Hoya, Ricardo Sales\u2014 participaron d\u00edas <a class=\"mh-excerpt-more\" href=\"https:\/\/www.tucomarca.com\/wordpress\/segunda\/la-fsmcv-confirma-a-sus-presidentes-comarcales-que-la-asamblea-general-se-celebrara-al-cierre-de-octubre\/\" title=\"La FSMCV confirma a sus presidentes comarcales que la Asamblea General se celebrar\u00e1 al cierre de octubre\">[+] <\/a><\/div>\n","protected":false},"author":2,"featured_media":7719,"comment_status":"open","ping_status":"open","sticky":false,"template":"","format":"standard","meta":{"footnotes":""},"categories":[66,72,10,3],"tags":[220],"class_list":{"0":"post-7702","1":"post","2":"type-post","3":"status-publish","4":"format-standard","5":"has-post-thumbnail","7":"category-musica","8":"category-sin-categorizar","9":"category-la-hoya","10":"category-seccion","11":"tag-fsmcv"},"_links":{"self":[{"href":"https:\/\/www.tucomarca.com\/wordpress\/segunda\/wp-json\/wp\/v2\/posts\/7702","targetHints":{"allow":["GET"]}}],"collection":[{"href":"https:\/\/www.tucomarca.com\/wordpress\/segunda\/wp-json\/wp\/v2\/posts"}],"about":[{"href":"https:\/\/www.tucomarca.com\/wordpress\/segunda\/wp-json\/wp\/v2\/types\/post"}],"author":[{"embeddable":true,"href":"https:\/\/www.tucomarca.com\/wordpress\/segunda\/wp-json\/wp\/v2\/users\/2"}],"replies":[{"embeddable":true,"href":"https:\/\/www.tucomarca.com\/wordpress\/segunda\/wp-json\/wp\/v2\/comments?post=7702"}],"version-history":[{"count":0,"href":"https:\/\/www.tucomarca.com\/wordpress\/segunda\/wp-json\/wp\/v2\/posts\/7702\/revisions"}],"wp:featuredmedia":[{"embeddable":true,"href":"https:\/\/www.tucomarca.com\/wordpress\/segunda\/wp-json\/wp\/v2\/media\/7719"}],"wp:attachment":[{"href":"https:\/\/www.tucomarca.com\/wordpress\/segunda\/wp-json\/wp\/v2\/media?parent=7702"}],"wp:term":[{"taxonomy":"category","embeddable":true,"href":"https:\/\/www.tucomarca.com\/wordpress\/segunda\/wp-json\/wp\/v2\/categories?post=7702"},{"taxonomy":"post_tag","embeddable":true,"href":"https:\/\/www.tucomarca.com\/wordpress\/segunda\/wp-json\/wp\/v2\/tags?post=7702"}],"curies":[{"name":"wp","href":"https:\/\/api.w.org\/{rel}","templated":true}]}}