{"id":77052,"date":"2018-11-04T21:04:06","date_gmt":"2018-11-04T19:04:06","guid":{"rendered":"http:\/\/www.tucomarca.com\/wordpress\/segunda\/?p=77052"},"modified":"2018-11-04T21:04:06","modified_gmt":"2018-11-04T19:04:06","slug":"el-atletico-macastre-supera-el-derbi-contra-el-turis-2-0","status":"publish","type":"post","link":"https:\/\/www.tucomarca.com\/wordpress\/segunda\/el-atletico-macastre-supera-el-derbi-contra-el-turis-2-0\/","title":{"rendered":"El Atl\u00e9tico Macastre supera el derbi contra el Tur\u00eds (2-0)"},"content":{"rendered":"<div dir=\"auto\">\n<figure id=\"attachment_77055\" aria-describedby=\"caption-attachment-77055\" style=\"width: 486px\" class=\"wp-caption alignleft\"><img loading=\"lazy\" decoding=\"async\" class=\" wp-image-77055\" src=\"https:\/\/www.tucomarca.com\/wordpress\/segunda\/wp-content\/uploads\/2018\/11\/ATLmacastre.jpg\" alt=\"El Atl\u00e9tico de Macastre se ha llevado el derbi frente al Tur\u00eds en Segunda Regional. Foto: Ra\u00fal Miralles.\" width=\"486\" height=\"270\" srcset=\"https:\/\/www.tucomarca.com\/wordpress\/segunda\/wp-content\/uploads\/2018\/11\/ATLmacastre.jpg 780w, https:\/\/www.tucomarca.com\/wordpress\/segunda\/wp-content\/uploads\/2018\/11\/ATLmacastre-300x167.jpg 300w, https:\/\/www.tucomarca.com\/wordpress\/segunda\/wp-content\/uploads\/2018\/11\/ATLmacastre-768x426.jpg 768w\" sizes=\"auto, (max-width: 486px) 100vw, 486px\" \/><figcaption id=\"caption-attachment-77055\" class=\"wp-caption-text\">El Atl\u00e9tico de Macastre se ha llevado el derbi frente al Tur\u00eds en Segunda Regional. Foto: Ra\u00fal Miralles.<\/figcaption><\/figure>\n<p>Macastre y Tur\u00eds se han visto las caras en un partido m\u00e1s o menos igualado, en posesi\u00f3n, llegadas, intensidad y tiempos.<\/p>\n<\/div>\n<div dir=\"auto\">\n<p>La primera mitad se resume en igualdad e intensidad, con alguna ocasi\u00f3n pero sin peligro real en ning\u00fan color.<\/p>\n<\/div>\n<div dir=\"auto\">\n<p>La segunda mitad ya fue algo m\u00e1s decantada para los de Manolo.\u00a0Cumplido el minuto 60, Osito tuvo una doble ocasi\u00f3n, la cual rechaza el meta y origina un c\u00f3rner que el 8 amarillo lanza fuera de cabeza.<\/p>\n<\/div>\n<div dir=\"auto\">\n<p>Pero fue el anuncio de lo que ser\u00eda el gol del desempate cuando por banda izquierda, el extremo deja tumbado al lateral turisano, cuelga el bal\u00f3n y Javi, a placer y con el pie, lanza al palo derecho del meta y va a parar el fondo de las mallas.<\/p>\n<\/div>\n<div dir=\"auto\">\n<p>Intent\u00f3 Tur\u00eds responder, pero sus ocasiones, a pesar de ser claras, fueron siempre rozando el palo pero fuera del rect\u00e1ngulo de juego.<\/p>\n<\/div>\n<div dir=\"auto\">\n<p>Los \u00faltimos 15 minutos fueron de infarto, ambos equipos subidos al ataque, queriendo unos matar el partido y otros hacer el empate. Pero el Macastre cuando m\u00e1s crey\u00f3 y lo quiso, mejor lo tuvo y aprovech\u00f3:\u00a0en el minuto 77\u00a0tuvo\u00a0una ocasi\u00f3n clara, pero el bal\u00f3n es rechazado. Segundos despu\u00e9s se repite y somete al Tur\u00eds aunque los visitantes tuvieron fortuna y acab\u00f3 rechazando el bal\u00f3n la zaga.<\/p>\n<\/div>\n<div dir=\"auto\">\n<p>Agonizando el partido, el Tur\u00eds lo intent\u00f3 pero el meta local salv\u00f3 los muebles junto a\u00a0su defensa.<\/p>\n<\/div>\n<div dir=\"auto\">\n<p>Ya pidiendo la hora, con mucho jaleo de la afici\u00f3m y en los banquillos, el Macastre sentenciaba el partido con un remate f\u00e1cil desde dentro del \u00e1rea y pon\u00eda el 2-0 definitivo ya que conforme se decretaba el gol, se se\u00f1alaba el final del partido.<\/p>\n<\/div>\n<div dir=\"auto\">A espera del resto de la jornada, los de Manolo salen del fondo del pozo con 4 puntos. Tur\u00eds sigue, con un\u00a0punto, pen\u00faltimo.\u00a0Informa, Ra\u00fal Miralles Lacalle @raulmks<\/div>\n","protected":false},"excerpt":{"rendered":"<div class=\"mh-excerpt\">Macastre y Tur\u00eds se han visto las caras en un partido m\u00e1s o menos igualado, en posesi\u00f3n, llegadas, intensidad y tiempos. La primera mitad se resume en igualdad e intensidad, con alguna ocasi\u00f3n pero sin <a class=\"mh-excerpt-more\" href=\"https:\/\/www.tucomarca.com\/wordpress\/segunda\/el-atletico-macastre-supera-el-derbi-contra-el-turis-2-0\/\" title=\"El Atl\u00e9tico Macastre supera el derbi contra el Tur\u00eds (2-0)\">[+] <\/a><\/div>\n","protected":false},"author":1,"featured_media":77055,"comment_status":"open","ping_status":"open","sticky":false,"template":"","format":"standard","meta":{"footnotes":""},"categories":[50,6,10,42,13,3,43,45],"tags":[10382,10394],"class_list":{"0":"post-77052","1":"post","2":"type-post","3":"status-publish","4":"format-standard","5":"has-post-thumbnail","7":"category-futbol-deportes","8":"category-deportes","9":"category-la-hoya","10":"category-la-ribera","11":"category-macastre","12":"category-seccion","13":"category-turis","14":"category-ventana","15":"tag-macastre","16":"tag-turis"},"_links":{"self":[{"href":"https:\/\/www.tucomarca.com\/wordpress\/segunda\/wp-json\/wp\/v2\/posts\/77052","targetHints":{"allow":["GET"]}}],"collection":[{"href":"https:\/\/www.tucomarca.com\/wordpress\/segunda\/wp-json\/wp\/v2\/posts"}],"about":[{"href":"https:\/\/www.tucomarca.com\/wordpress\/segunda\/wp-json\/wp\/v2\/types\/post"}],"author":[{"embeddable":true,"href":"https:\/\/www.tucomarca.com\/wordpress\/segunda\/wp-json\/wp\/v2\/users\/1"}],"replies":[{"embeddable":true,"href":"https:\/\/www.tucomarca.com\/wordpress\/segunda\/wp-json\/wp\/v2\/comments?post=77052"}],"version-history":[{"count":0,"href":"https:\/\/www.tucomarca.com\/wordpress\/segunda\/wp-json\/wp\/v2\/posts\/77052\/revisions"}],"wp:featuredmedia":[{"embeddable":true,"href":"https:\/\/www.tucomarca.com\/wordpress\/segunda\/wp-json\/wp\/v2\/media\/77055"}],"wp:attachment":[{"href":"https:\/\/www.tucomarca.com\/wordpress\/segunda\/wp-json\/wp\/v2\/media?parent=77052"}],"wp:term":[{"taxonomy":"category","embeddable":true,"href":"https:\/\/www.tucomarca.com\/wordpress\/segunda\/wp-json\/wp\/v2\/categories?post=77052"},{"taxonomy":"post_tag","embeddable":true,"href":"https:\/\/www.tucomarca.com\/wordpress\/segunda\/wp-json\/wp\/v2\/tags?post=77052"}],"curies":[{"name":"wp","href":"https:\/\/api.w.org\/{rel}","templated":true}]}}