{"id":77085,"date":"2018-11-04T22:13:56","date_gmt":"2018-11-04T20:13:56","guid":{"rendered":"http:\/\/www.tucomarca.com\/wordpress\/segunda\/?p=77085"},"modified":"2018-11-04T22:13:56","modified_gmt":"2018-11-04T20:13:56","slug":"el-yatova-tropieza-en-benimar-y-cae-goleado-6-2","status":"publish","type":"post","link":"https:\/\/www.tucomarca.com\/wordpress\/segunda\/el-yatova-tropieza-en-benimar-y-cae-goleado-6-2\/","title":{"rendered":"El Y\u00e1tova tropieza en Benimar y cae goleado (6-2)"},"content":{"rendered":"<div dir=\"auto\">\n<p>La UD Y\u00e1tova ha sufrido un tropez\u00f3n\u00a0en Benimar donde ha ca\u00eddo por goleada (6-2).\u00a0Apenas tardaron tres\u00a0minutos en obrar el primer gol los de Benimar;\u00a0podr\u00eda decirse que los 30 primeros minutos tuvieron color de los locales, haciendo hasta tres\u00a0goles.<\/p>\n<\/div>\n<div dir=\"auto\">\n<p>M\u00e1s tarde, Ameneiro recort\u00f3 con fortuna antes del descanso, pero a\u00fan as\u00ed Sergio Asunci\u00f3n puso el 4-1 en los primeros 45 minutos del partido con una clara ventaja para los locales.<\/p>\n<\/div>\n<div dir=\"auto\">\n<p>La segunda parte fue una continuaci\u00f3n de la primera, mucho ruido pero sin nueces.\u00a0Los del Y\u00e1tova s\u00f3lo pudieron\u00a0recortar distancias a \u00faltima hora con gol de Rub\u00e9n Gimenez en el 86&#8242;.<\/p>\n<\/div>\n<div dir=\"auto\">Tras la derrota, la UD Y\u00e1tova queda cuarta\u00a0con 12 puntos a la espera del resto de jornada.\u00a0Informa, Ra\u00fal Miralles Lacalle @raulmks<\/div>\n","protected":false},"excerpt":{"rendered":"<div class=\"mh-excerpt\">La UD Y\u00e1tova ha sufrido un tropez\u00f3n\u00a0en Benimar donde ha ca\u00eddo por goleada (6-2).\u00a0Apenas tardaron tres\u00a0minutos en obrar el primer gol los de Benimar;\u00a0podr\u00eda decirse que los 30 primeros minutos tuvieron color de los locales, <a class=\"mh-excerpt-more\" href=\"https:\/\/www.tucomarca.com\/wordpress\/segunda\/el-yatova-tropieza-en-benimar-y-cae-goleado-6-2\/\" title=\"El Y\u00e1tova tropieza en Benimar y cae goleado (6-2)\">[+] <\/a><\/div>\n","protected":false},"author":1,"featured_media":65217,"comment_status":"open","ping_status":"open","sticky":false,"template":"","format":"standard","meta":{"footnotes":""},"categories":[50,6,10,3,45,11],"tags":[10379,10380],"class_list":{"0":"post-77085","1":"post","2":"type-post","3":"status-publish","4":"format-standard","5":"has-post-thumbnail","7":"category-futbol-deportes","8":"category-deportes","9":"category-la-hoya","10":"category-seccion","11":"category-ventana","12":"category-yatova","13":"tag-deportes","14":"tag-yatova"},"_links":{"self":[{"href":"https:\/\/www.tucomarca.com\/wordpress\/segunda\/wp-json\/wp\/v2\/posts\/77085","targetHints":{"allow":["GET"]}}],"collection":[{"href":"https:\/\/www.tucomarca.com\/wordpress\/segunda\/wp-json\/wp\/v2\/posts"}],"about":[{"href":"https:\/\/www.tucomarca.com\/wordpress\/segunda\/wp-json\/wp\/v2\/types\/post"}],"author":[{"embeddable":true,"href":"https:\/\/www.tucomarca.com\/wordpress\/segunda\/wp-json\/wp\/v2\/users\/1"}],"replies":[{"embeddable":true,"href":"https:\/\/www.tucomarca.com\/wordpress\/segunda\/wp-json\/wp\/v2\/comments?post=77085"}],"version-history":[{"count":0,"href":"https:\/\/www.tucomarca.com\/wordpress\/segunda\/wp-json\/wp\/v2\/posts\/77085\/revisions"}],"wp:featuredmedia":[{"embeddable":true,"href":"https:\/\/www.tucomarca.com\/wordpress\/segunda\/wp-json\/wp\/v2\/media\/65217"}],"wp:attachment":[{"href":"https:\/\/www.tucomarca.com\/wordpress\/segunda\/wp-json\/wp\/v2\/media?parent=77085"}],"wp:term":[{"taxonomy":"category","embeddable":true,"href":"https:\/\/www.tucomarca.com\/wordpress\/segunda\/wp-json\/wp\/v2\/categories?post=77085"},{"taxonomy":"post_tag","embeddable":true,"href":"https:\/\/www.tucomarca.com\/wordpress\/segunda\/wp-json\/wp\/v2\/tags?post=77085"}],"curies":[{"name":"wp","href":"https:\/\/api.w.org\/{rel}","templated":true}]}}