{"id":7709,"date":"2012-10-04T11:12:47","date_gmt":"2012-10-04T09:12:47","guid":{"rendered":"http:\/\/www.tucomarca.com\/wordpress\/segunda\/?p=7709"},"modified":"2012-10-04T11:12:47","modified_gmt":"2012-10-04T09:12:47","slug":"el-psoe-de-yatova-reclama-la-colocacion-del-cesped-artificial-en-el-campo-fuente-de-la-salud","status":"publish","type":"post","link":"https:\/\/www.tucomarca.com\/wordpress\/segunda\/el-psoe-de-yatova-reclama-la-colocacion-del-cesped-artificial-en-el-campo-fuente-de-la-salud\/","title":{"rendered":"El PSOE de Y\u00e1tova reclama la colocaci\u00f3n del c\u00e9sped artificial en el campo Fuente de la Salud"},"content":{"rendered":"<p>El grupo municipal Socialista de Ya\u0301tova presento\u0301 el pasado 18 de septiembre una mocio\u0301n ante el pleno del Consistorio para que el Ayuntamiento inicie todos los tra\u0301mites necesarios para licitar las obras del campo de fu\u0301tbol del municipio. La instalacio\u0301n de ce\u0301sped artificial, es \u201cimprescindibles\u201d por el equipo socialista debido al taman\u0303o de la escuela de fu\u0301tbol y al elevado nu\u0301mero de horas que tanto la Unio\u0301n Deportiva como la cantera del equipo utilizan las instalaciones.<br \/>\nLas escasas prestaciones con las que cuenta el municipio, a pesar de la alta presio\u0301n fiscal que sobre las familias esta\u0301 ejerciendo el Ayuntamiento en los u\u0301ltimos an\u0303os, y el hecho de que Ya\u0301tova es uno de los pocos municipios que todavi\u0301a cuentan con campos de tierra, han motivado a que los socialistas pidan ante el pleno que se inicien lo antes posible las obras sobre el terreno de juego. De hecho, desde comienzos de agosto han mantenido reuniones con distintas empresas de ce\u0301sped artificial para valorar los precios y calidades de las moquetas.<br \/>\nTras visitar las instalaciones \u201cin situ\u201d la empresa que mejor relacio\u0301n calidad-precio ofrecio\u0301 al UD Ya\u0301tova estimo\u0301 el coste de la colocacio\u0301n de 5.035 m2 de moqueta de u\u0301ltima generacio\u0301n para la pra\u0301ctica deportiva en 83.077\u201950 \u20ac, precio que quedari\u0301a sufragado si el grupo popular hubiese aceptado incluir en los presupuestos del an\u0303o 2012 una partida destinada al equipo de fu\u0301tbol local por valor de 90.000 \u20ac y en concepto de la instalacio\u0301n del ce\u0301sped artificial, tal y como solicito\u0301 el equipo socialista.<br \/>\nLa partida, que fue rechazada por el equipo de Gobierno de Rafael Lisarde por considerarla<br \/>\n\u201cinnecesaria\u201d, no hubiese modificado el valor total de los gastos municipales debido a que fue propuesta tras el reajuste de otros conceptos de gasto como destinar 75.000\u20ac EN EL CHIRINGUITO de SAN VICENTE. Adema\u0301s, el partido socialista propuso dotar con una subvencio\u0301n anual y directa de 7.500 \u20ac tanta al UD Ya\u0301tova como a su Escuela de Fu\u0301tbol y la instalacio\u0301n de un sistema solar de Agua Caliente Sanitaria para los vestuarios por valor de 6.000 \u20ac, pero fueron igualmente rechazadas.<br \/>\nAl presupuesto inicial, en cualquier caso, habri\u0301a que an\u0303adir entre 15.000 y 20.000 \u20ac en obra civil dirigidas a completar la instalacio\u0301n aunque, parte de e\u0301stas, ya esta\u0301n realizadas. Adema\u0301s, y debido a la compleja situacio\u0301n econo\u0301mica, podri\u0301an ser realizadas directamente por personal contratado por el Ayuntamiento, dada la escasa dificultad te\u0301cnica de realizacio\u0301n y permitiendo una rebaja de los costes.<br \/>\nDesde el Grupo Municipal Socialista han querido agradecer el esfuerzo de la Unio\u0301n Deportiva Ya\u0301tova y de su Escuela de Fu\u0301tbol por su trabajo desinteresado en la promocio\u0301n del deporte y la educacio\u0301n en valores saludables. Por ello, y dada la funcio\u0301n social de la entidad, creen que es necesario ser consecuentes con las actividades que realizan y fomentar la mejora de sus instalaciones debido al elevado coste y esfuerzo personal y altruista que conllevan actualmente para mantener estas actividades sin ningu\u0301n tipo de apoyo institucional.<\/p>\n","protected":false},"excerpt":{"rendered":"<div class=\"mh-excerpt\">El grupo municipal Socialista de Ya\u0301tova presento\u0301 el pasado 18 de septiembre una mocio\u0301n ante el pleno del Consistorio para que el Ayuntamiento inicie todos los tra\u0301mites necesarios para licitar las obras del campo de <a class=\"mh-excerpt-more\" href=\"https:\/\/www.tucomarca.com\/wordpress\/segunda\/el-psoe-de-yatova-reclama-la-colocacion-del-cesped-artificial-en-el-campo-fuente-de-la-salud\/\" title=\"El PSOE de Y\u00e1tova reclama la colocaci\u00f3n del c\u00e9sped artificial en el campo Fuente de la Salud\">[+] <\/a><\/div>\n","protected":false},"author":2,"featured_media":0,"comment_status":"open","ping_status":"open","sticky":false,"template":"","format":"standard","meta":{"footnotes":""},"categories":[8,10,142,3,11],"tags":[10380],"class_list":{"0":"post-7709","1":"post","2":"type-post","3":"status-publish","4":"format-standard","6":"category-la-comarca","7":"category-la-hoya","8":"category-politica-la-comarca","9":"category-seccion","10":"category-yatova","11":"tag-yatova"},"_links":{"self":[{"href":"https:\/\/www.tucomarca.com\/wordpress\/segunda\/wp-json\/wp\/v2\/posts\/7709","targetHints":{"allow":["GET"]}}],"collection":[{"href":"https:\/\/www.tucomarca.com\/wordpress\/segunda\/wp-json\/wp\/v2\/posts"}],"about":[{"href":"https:\/\/www.tucomarca.com\/wordpress\/segunda\/wp-json\/wp\/v2\/types\/post"}],"author":[{"embeddable":true,"href":"https:\/\/www.tucomarca.com\/wordpress\/segunda\/wp-json\/wp\/v2\/users\/2"}],"replies":[{"embeddable":true,"href":"https:\/\/www.tucomarca.com\/wordpress\/segunda\/wp-json\/wp\/v2\/comments?post=7709"}],"version-history":[{"count":0,"href":"https:\/\/www.tucomarca.com\/wordpress\/segunda\/wp-json\/wp\/v2\/posts\/7709\/revisions"}],"wp:attachment":[{"href":"https:\/\/www.tucomarca.com\/wordpress\/segunda\/wp-json\/wp\/v2\/media?parent=7709"}],"wp:term":[{"taxonomy":"category","embeddable":true,"href":"https:\/\/www.tucomarca.com\/wordpress\/segunda\/wp-json\/wp\/v2\/categories?post=7709"},{"taxonomy":"post_tag","embeddable":true,"href":"https:\/\/www.tucomarca.com\/wordpress\/segunda\/wp-json\/wp\/v2\/tags?post=7709"}],"curies":[{"name":"wp","href":"https:\/\/api.w.org\/{rel}","templated":true}]}}