{"id":77092,"date":"2018-11-05T14:01:59","date_gmt":"2018-11-05T12:01:59","guid":{"rendered":"http:\/\/www.tucomarca.com\/wordpress\/segunda\/?p=77092"},"modified":"2018-11-05T14:04:30","modified_gmt":"2018-11-05T12:04:30","slug":"el-cd-bunol-logra-una-importante-victoria-frente-al-valbonense-0-2-que-lo-situa-a-solo-6-puntos-del-liderato","status":"publish","type":"post","link":"https:\/\/www.tucomarca.com\/wordpress\/segunda\/el-cd-bunol-logra-una-importante-victoria-frente-al-valbonense-0-2-que-lo-situa-a-solo-6-puntos-del-liderato\/","title":{"rendered":"El CD Bu\u00f1ol logra una importante victoria frente al Valbonense (0-2) que lo sit\u00faa a s\u00f3lo 6 puntos del liderato"},"content":{"rendered":"<div dir=\"auto\">\n<figure id=\"attachment_77094\" aria-describedby=\"caption-attachment-77094\" style=\"width: 354px\" class=\"wp-caption alignleft\"><img loading=\"lazy\" decoding=\"async\" class=\" wp-image-77094\" src=\"https:\/\/www.tucomarca.com\/wordpress\/segunda\/wp-content\/uploads\/2018\/11\/CDbunol.jpg\" alt=\"\" width=\"354\" height=\"257\" srcset=\"https:\/\/www.tucomarca.com\/wordpress\/segunda\/wp-content\/uploads\/2018\/11\/CDbunol.jpg 780w, https:\/\/www.tucomarca.com\/wordpress\/segunda\/wp-content\/uploads\/2018\/11\/CDbunol-300x218.jpg 300w, https:\/\/www.tucomarca.com\/wordpress\/segunda\/wp-content\/uploads\/2018\/11\/CDbunol-768x558.jpg 768w\" sizes=\"auto, (max-width: 354px) 100vw, 354px\" \/><figcaption id=\"caption-attachment-77094\" class=\"wp-caption-text\">El CD Bu\u00f1ol tiene a tiro el liderato. Foto Ra\u00fal Miralles.<\/figcaption><\/figure>\n<p>El CD Bu\u00f1ol se ha impuesto por 0 goles a 2 al Vallbonense a domicilio. Una\u00a0primera\u00a0parte en que los locales les han concedido el bal\u00f3n y los blancos han intentado sacar el esf\u00e9rico desde atr\u00e1s, pero les costaba mucho porque estaban ordenados y replegados. Los locales lo intentaban en contras pero sin peligro, y eso\u00a0llev\u00f3 a un partido <em>light<\/em> hasta el descanso.<\/p>\n<\/div>\n<div dir=\"auto\">\n<p>En la segunda parte los blancos\u00a0han estructurado un poco mejor la salida de balon de forma organizada y con el paso de los minutos se ha ido rompiendo el partido y ah\u00ed han\u00a0sido superiores.<\/p>\n<\/div>\n<div dir=\"auto\">Los locals\u00a0han tenido alguna ocasi\u00f3n a la contra, pero el dominio y los acercamientos manifiestos de gol eran del CD Bu\u00f1ol<\/div>\n<div dir=\"auto\">El resumen final, en una buena acci\u00f3n, cuando el partido por cansancio y desgaste estaba m\u00e1s roto y hab\u00eda m\u00e1s espacios, Manu conect\u00f3 con Maxi e hizo el 0-1 en el minuto 87.<\/div>\n<div dir=\"auto\">\n<p>Y abierta la lata y con poco margen, s\u00f3lo quedaba presionar un poco y\u00a0para llevarse el Bu\u00f1ol\u00a0a casa los 3 puntos. Y eso hicieron:\u00a0dieron el \u00faltimo arranque que les termin\u00f3 de certificar los 3 puntos, gracias al gol obra de Manu Gasent, posterior a una targeta roja directa a los locales.<\/p>\n<\/div>\n<div dir=\"auto\">Tras la importante victoria, el CD Bu\u00f1ol queda s\u00e9ptimo\u00a0con 15 puntos; a s\u00f3lo 6 puntos del liderato.\u00a0Informa, Ra\u00fal Miralles Lacalle @raulmks<\/div>\n","protected":false},"excerpt":{"rendered":"<div class=\"mh-excerpt\">El CD Bu\u00f1ol se ha impuesto por 0 goles a 2 al Vallbonense a domicilio. Una\u00a0primera\u00a0parte en que los locales les han concedido el bal\u00f3n y los blancos han intentado sacar el esf\u00e9rico desde atr\u00e1s, <a class=\"mh-excerpt-more\" href=\"https:\/\/www.tucomarca.com\/wordpress\/segunda\/el-cd-bunol-logra-una-importante-victoria-frente-al-valbonense-0-2-que-lo-situa-a-solo-6-puntos-del-liderato\/\" title=\"El CD Bu\u00f1ol logra una importante victoria frente al Valbonense (0-2) que lo sit\u00faa a s\u00f3lo 6 puntos del liderato\">[+] <\/a><\/div>\n","protected":false},"author":1,"featured_media":77094,"comment_status":"open","ping_status":"open","sticky":false,"template":"","format":"standard","meta":{"footnotes":""},"categories":[18,50,6,10,3,45],"tags":[10385,9906,10379,10661],"class_list":{"0":"post-77092","1":"post","2":"type-post","3":"status-publish","4":"format-standard","5":"has-post-thumbnail","7":"category-bunol","8":"category-futbol-deportes","9":"category-deportes","10":"category-la-hoya","11":"category-seccion","12":"category-ventana","13":"tag-bunol","14":"tag-bunyol","15":"tag-deportes","16":"tag-esports"},"_links":{"self":[{"href":"https:\/\/www.tucomarca.com\/wordpress\/segunda\/wp-json\/wp\/v2\/posts\/77092","targetHints":{"allow":["GET"]}}],"collection":[{"href":"https:\/\/www.tucomarca.com\/wordpress\/segunda\/wp-json\/wp\/v2\/posts"}],"about":[{"href":"https:\/\/www.tucomarca.com\/wordpress\/segunda\/wp-json\/wp\/v2\/types\/post"}],"author":[{"embeddable":true,"href":"https:\/\/www.tucomarca.com\/wordpress\/segunda\/wp-json\/wp\/v2\/users\/1"}],"replies":[{"embeddable":true,"href":"https:\/\/www.tucomarca.com\/wordpress\/segunda\/wp-json\/wp\/v2\/comments?post=77092"}],"version-history":[{"count":0,"href":"https:\/\/www.tucomarca.com\/wordpress\/segunda\/wp-json\/wp\/v2\/posts\/77092\/revisions"}],"wp:featuredmedia":[{"embeddable":true,"href":"https:\/\/www.tucomarca.com\/wordpress\/segunda\/wp-json\/wp\/v2\/media\/77094"}],"wp:attachment":[{"href":"https:\/\/www.tucomarca.com\/wordpress\/segunda\/wp-json\/wp\/v2\/media?parent=77092"}],"wp:term":[{"taxonomy":"category","embeddable":true,"href":"https:\/\/www.tucomarca.com\/wordpress\/segunda\/wp-json\/wp\/v2\/categories?post=77092"},{"taxonomy":"post_tag","embeddable":true,"href":"https:\/\/www.tucomarca.com\/wordpress\/segunda\/wp-json\/wp\/v2\/tags?post=77092"}],"curies":[{"name":"wp","href":"https:\/\/api.w.org\/{rel}","templated":true}]}}