{"id":77111,"date":"2018-11-05T18:50:54","date_gmt":"2018-11-05T16:50:54","guid":{"rendered":"http:\/\/www.tucomarca.com\/wordpress\/segunda\/?p=77111"},"modified":"2018-11-05T18:50:54","modified_gmt":"2018-11-05T16:50:54","slug":"alvaro-orti-cesado-como-tecnico-del-club-deportivo-bunol","status":"publish","type":"post","link":"https:\/\/www.tucomarca.com\/wordpress\/segunda\/alvaro-orti-cesado-como-tecnico-del-club-deportivo-bunol\/","title":{"rendered":"\u00c1lvaro Ort\u00ed, cesado como t\u00e9cnico del Club Deportivo Bu\u00f1ol"},"content":{"rendered":"<div dir=\"auto\">\n<figure id=\"attachment_69620\" aria-describedby=\"caption-attachment-69620\" style=\"width: 348px\" class=\"wp-caption alignleft\"><img loading=\"lazy\" decoding=\"async\" class=\" wp-image-69620\" src=\"https:\/\/www.tucomarca.com\/wordpress\/segunda\/wp-content\/uploads\/2018\/06\/alvarorti.jpg\" alt=\"El nuevo entrenador del CD Bu\u00f1ol, \u00c1lvaro Ort\u00ed. Foto: Ra\u00fal Miralles.\" width=\"348\" height=\"333\" srcset=\"https:\/\/www.tucomarca.com\/wordpress\/segunda\/wp-content\/uploads\/2018\/06\/alvarorti.jpg 945w, https:\/\/www.tucomarca.com\/wordpress\/segunda\/wp-content\/uploads\/2018\/06\/alvarorti-300x287.jpg 300w, https:\/\/www.tucomarca.com\/wordpress\/segunda\/wp-content\/uploads\/2018\/06\/alvarorti-768x735.jpg 768w\" sizes=\"auto, (max-width: 348px) 100vw, 348px\" \/><figcaption id=\"caption-attachment-69620\" class=\"wp-caption-text\">\u00c1lvaro Ort\u00ed. Foto: Ra\u00fal Miralles.<\/figcaption><\/figure>\n<p>El Club Deportivo Bu\u00f1ol ha decidido cesar a \u00c1lvaro Ort\u00ed como t\u00e9cnico del primer equipo: \u00abla decisi\u00f3n es del club y no queremos a\u00f1adir m\u00e1s, s\u00f3lo agradecerle lo aportado\u00bb, tal como ha manifestado\u00a0uno de los integrantes de la directiva que ha confirmado a\u00a0<a href=\"http:\/\/tucomarca.com\/\">tucomarca.com<\/a>\u00a0esta decisi\u00f3n.<\/p>\n<\/div>\n<div dir=\"auto\">Desde la directiva han emplazado adem\u00e1s a la jornada de ma\u00f1ana, martes, para\u00a0ampliar los motivos de esta decisi\u00f3n que se ha conocido este lunes de manera sorpresiva, dado que el CD Bu\u00f1ol finaliz\u00f3 con victoria su \u00faltimo enfrentamiento contra el Vallbonese (0-2) a domicilio. Informa, Ra\u00fal Miralles @raulmks<\/div>\n","protected":false},"excerpt":{"rendered":"<div class=\"mh-excerpt\">El Club Deportivo Bu\u00f1ol ha decidido cesar a \u00c1lvaro Ort\u00ed como t\u00e9cnico del primer equipo: \u00abla decisi\u00f3n es del club y no queremos a\u00f1adir m\u00e1s, s\u00f3lo agradecerle lo aportado\u00bb, tal como ha manifestado\u00a0uno de los <a class=\"mh-excerpt-more\" href=\"https:\/\/www.tucomarca.com\/wordpress\/segunda\/alvaro-orti-cesado-como-tecnico-del-club-deportivo-bunol\/\" title=\"\u00c1lvaro Ort\u00ed, cesado como t\u00e9cnico del Club Deportivo Bu\u00f1ol\">[+] <\/a><\/div>\n","protected":false},"author":1,"featured_media":69620,"comment_status":"open","ping_status":"open","sticky":false,"template":"","format":"standard","meta":{"footnotes":""},"categories":[18,50,6,10,3,45],"tags":[10379,44],"class_list":{"0":"post-77111","1":"post","2":"type-post","3":"status-publish","4":"format-standard","5":"has-post-thumbnail","7":"category-bunol","8":"category-futbol-deportes","9":"category-deportes","10":"category-la-hoya","11":"category-seccion","12":"category-ventana","13":"tag-deportes","14":"tag-futbol"},"_links":{"self":[{"href":"https:\/\/www.tucomarca.com\/wordpress\/segunda\/wp-json\/wp\/v2\/posts\/77111","targetHints":{"allow":["GET"]}}],"collection":[{"href":"https:\/\/www.tucomarca.com\/wordpress\/segunda\/wp-json\/wp\/v2\/posts"}],"about":[{"href":"https:\/\/www.tucomarca.com\/wordpress\/segunda\/wp-json\/wp\/v2\/types\/post"}],"author":[{"embeddable":true,"href":"https:\/\/www.tucomarca.com\/wordpress\/segunda\/wp-json\/wp\/v2\/users\/1"}],"replies":[{"embeddable":true,"href":"https:\/\/www.tucomarca.com\/wordpress\/segunda\/wp-json\/wp\/v2\/comments?post=77111"}],"version-history":[{"count":0,"href":"https:\/\/www.tucomarca.com\/wordpress\/segunda\/wp-json\/wp\/v2\/posts\/77111\/revisions"}],"wp:featuredmedia":[{"embeddable":true,"href":"https:\/\/www.tucomarca.com\/wordpress\/segunda\/wp-json\/wp\/v2\/media\/69620"}],"wp:attachment":[{"href":"https:\/\/www.tucomarca.com\/wordpress\/segunda\/wp-json\/wp\/v2\/media?parent=77111"}],"wp:term":[{"taxonomy":"category","embeddable":true,"href":"https:\/\/www.tucomarca.com\/wordpress\/segunda\/wp-json\/wp\/v2\/categories?post=77111"},{"taxonomy":"post_tag","embeddable":true,"href":"https:\/\/www.tucomarca.com\/wordpress\/segunda\/wp-json\/wp\/v2\/tags?post=77111"}],"curies":[{"name":"wp","href":"https:\/\/api.w.org\/{rel}","templated":true}]}}