{"id":77140,"date":"2018-11-06T09:07:28","date_gmt":"2018-11-06T07:07:28","guid":{"rendered":"http:\/\/www.tucomarca.com\/wordpress\/segunda\/?p=77140"},"modified":"2018-11-06T09:07:28","modified_gmt":"2018-11-06T07:07:28","slug":"mario-sanchez-se-presenta-este-viernes-como-candidato-a-la-alcaldia-de-requena","status":"publish","type":"post","link":"https:\/\/www.tucomarca.com\/wordpress\/segunda\/mario-sanchez-se-presenta-este-viernes-como-candidato-a-la-alcaldia-de-requena\/","title":{"rendered":"Mario S\u00e1nchez se presenta este viernes como candidato a la alcald\u00eda de Requena"},"content":{"rendered":"<figure id=\"attachment_77128\" aria-describedby=\"caption-attachment-77128\" style=\"width: 379px\" class=\"wp-caption alignleft\"><img loading=\"lazy\" decoding=\"async\" class=\" wp-image-77128\" src=\"https:\/\/www.tucomarca.com\/wordpress\/segunda\/wp-content\/uploads\/2018\/11\/MarioSanchez.jpg\" alt=\"Cartel de la presentaci\u00f3n.\" width=\"379\" height=\"536\" srcset=\"https:\/\/www.tucomarca.com\/wordpress\/segunda\/wp-content\/uploads\/2018\/11\/MarioSanchez.jpg 1130w, https:\/\/www.tucomarca.com\/wordpress\/segunda\/wp-content\/uploads\/2018\/11\/MarioSanchez-212x300.jpg 212w, https:\/\/www.tucomarca.com\/wordpress\/segunda\/wp-content\/uploads\/2018\/11\/MarioSanchez-768x1087.jpg 768w, https:\/\/www.tucomarca.com\/wordpress\/segunda\/wp-content\/uploads\/2018\/11\/MarioSanchez-723x1024.jpg 723w, https:\/\/www.tucomarca.com\/wordpress\/segunda\/wp-content\/uploads\/2018\/11\/MarioSanchez-1024x1450.jpg 1024w\" sizes=\"auto, (max-width: 379px) 100vw, 379px\" \/><figcaption id=\"caption-attachment-77128\" class=\"wp-caption-text\">Cartel de la presentaci\u00f3n.<\/figcaption><\/figure>\n<p>El PSOE de Requena presentar\u00e1 este pr\u00f3ximo viernes, 9 de noviembre, a Mario S\u00e1nchez como candidato a la alcald\u00eda de Requena en las elecciones municipales de 2019.<\/p>\n<p>El acto, abierto a todo la ciudadan\u00eda, tendr\u00e1 lugar a las 20,00 horas en el Espacio Cultural Feliciano Antonio Yeves de Requena. Al finalizar la presentaci\u00f3n se servir\u00e1 un vino de honor para todos los asistentes.<\/p>\n","protected":false},"excerpt":{"rendered":"<div class=\"mh-excerpt\">El PSOE de Requena presentar\u00e1 este pr\u00f3ximo viernes, 9 de noviembre, a Mario S\u00e1nchez como candidato a la alcald\u00eda de Requena en las elecciones municipales de 2019. El acto, abierto a todo la ciudadan\u00eda, tendr\u00e1 <a class=\"mh-excerpt-more\" href=\"https:\/\/www.tucomarca.com\/wordpress\/segunda\/mario-sanchez-se-presenta-este-viernes-como-candidato-a-la-alcaldia-de-requena\/\" title=\"Mario S\u00e1nchez se presenta este viernes como candidato a la alcald\u00eda de Requena\">[+] <\/a><\/div>\n","protected":false},"author":1,"featured_media":77129,"comment_status":"open","ping_status":"open","sticky":false,"template":"","format":"standard","meta":{"footnotes":""},"categories":[4,8,142,28,27,3],"tags":[10388],"class_list":{"0":"post-77140","1":"post","2":"type-post","3":"status-publish","4":"format-standard","5":"has-post-thumbnail","7":"category-agenda","8":"category-la-comarca","9":"category-politica-la-comarca","10":"category-requena","11":"category-requena-utiel","12":"category-seccion","13":"tag-requena"},"_links":{"self":[{"href":"https:\/\/www.tucomarca.com\/wordpress\/segunda\/wp-json\/wp\/v2\/posts\/77140","targetHints":{"allow":["GET"]}}],"collection":[{"href":"https:\/\/www.tucomarca.com\/wordpress\/segunda\/wp-json\/wp\/v2\/posts"}],"about":[{"href":"https:\/\/www.tucomarca.com\/wordpress\/segunda\/wp-json\/wp\/v2\/types\/post"}],"author":[{"embeddable":true,"href":"https:\/\/www.tucomarca.com\/wordpress\/segunda\/wp-json\/wp\/v2\/users\/1"}],"replies":[{"embeddable":true,"href":"https:\/\/www.tucomarca.com\/wordpress\/segunda\/wp-json\/wp\/v2\/comments?post=77140"}],"version-history":[{"count":0,"href":"https:\/\/www.tucomarca.com\/wordpress\/segunda\/wp-json\/wp\/v2\/posts\/77140\/revisions"}],"wp:featuredmedia":[{"embeddable":true,"href":"https:\/\/www.tucomarca.com\/wordpress\/segunda\/wp-json\/wp\/v2\/media\/77129"}],"wp:attachment":[{"href":"https:\/\/www.tucomarca.com\/wordpress\/segunda\/wp-json\/wp\/v2\/media?parent=77140"}],"wp:term":[{"taxonomy":"category","embeddable":true,"href":"https:\/\/www.tucomarca.com\/wordpress\/segunda\/wp-json\/wp\/v2\/categories?post=77140"},{"taxonomy":"post_tag","embeddable":true,"href":"https:\/\/www.tucomarca.com\/wordpress\/segunda\/wp-json\/wp\/v2\/tags?post=77140"}],"curies":[{"name":"wp","href":"https:\/\/api.w.org\/{rel}","templated":true}]}}