{"id":77142,"date":"2018-11-06T09:18:08","date_gmt":"2018-11-06T07:18:08","guid":{"rendered":"http:\/\/www.tucomarca.com\/wordpress\/segunda\/?p=77142"},"modified":"2018-11-06T09:18:08","modified_gmt":"2018-11-06T07:18:08","slug":"la-policia-municipal-de-vilamarxant-dispondra-de-un-protocolo-de-actuacion-en-casos-de-violencia-de-genero","status":"publish","type":"post","link":"https:\/\/www.tucomarca.com\/wordpress\/segunda\/la-policia-municipal-de-vilamarxant-dispondra-de-un-protocolo-de-actuacion-en-casos-de-violencia-de-genero\/","title":{"rendered":"La polic\u00eda municipal de Vilamarxant dispondr\u00e1 de un protocolo de actuaci\u00f3n en casos de violencia de g\u00e9nero"},"content":{"rendered":"<figure id=\"attachment_77143\" aria-describedby=\"caption-attachment-77143\" style=\"width: 442px\" class=\"wp-caption alignleft\"><img loading=\"lazy\" decoding=\"async\" class=\" wp-image-77143\" src=\"https:\/\/www.tucomarca.com\/wordpress\/segunda\/wp-content\/uploads\/2018\/11\/PoliciaVilamarxant.jpg\" alt=\"La plantilla de la polic\u00eda tambi\u00e9n recibir\u00e1 formaci\u00f3n. \" width=\"442\" height=\"332\" srcset=\"https:\/\/www.tucomarca.com\/wordpress\/segunda\/wp-content\/uploads\/2018\/11\/PoliciaVilamarxant.jpg 4032w, https:\/\/www.tucomarca.com\/wordpress\/segunda\/wp-content\/uploads\/2018\/11\/PoliciaVilamarxant-300x225.jpg 300w, https:\/\/www.tucomarca.com\/wordpress\/segunda\/wp-content\/uploads\/2018\/11\/PoliciaVilamarxant-768x576.jpg 768w, https:\/\/www.tucomarca.com\/wordpress\/segunda\/wp-content\/uploads\/2018\/11\/PoliciaVilamarxant-1024x768.jpg 1024w\" sizes=\"auto, (max-width: 442px) 100vw, 442px\" \/><figcaption id=\"caption-attachment-77143\" class=\"wp-caption-text\">La plantilla de la polic\u00eda tambi\u00e9n recibir\u00e1 formaci\u00f3n.<\/figcaption><\/figure>\n<p>La polic\u00eda municipal de Vilamarxant dispondr\u00e1 de un protocolo de actuaci\u00f3n en casos de violencia de g\u00e9nero para poder dar respuesta ante estos sucesos en una nueva iniciativa prevista por la comisi\u00f3n de igualdad del Ayuntamiento.<\/p>\n<p>Este protocolo servir\u00e1 para instruir a los miembros de la polic\u00eda y aconsejarles en la forma de proceder ante estos casos derivados de la violencia de g\u00e9nero, una lacra en la actual sociedad contra la que est\u00e1 actuando de forma firme la corporaci\u00f3n.<\/p>\n<p>Asimismo, la plantilla de la polic\u00eda tambi\u00e9n recibir\u00e1 formaci\u00f3n durante una jornada en la que Vanessa Rosa Yepes, polic\u00eda especialista en la materia t perteneciente a la consultora Fem Acci\u00f3, explicar\u00e1 la forma adecuada de actuar.<\/p>\n<p>Por otra parte, la comisi\u00f3n de igualdad, celebrada el pasado 31 de octubre, inform\u00f3 que el personal del Ayuntamiento de Vilamarxant tendr\u00e1 a su alcance un curso de formaci\u00f3n b\u00e1sica en materia de igualdad en el que profesionales resolver\u00e1n dudas e inquietudes.<\/p>\n<p>Asimismo, se supervisar\u00e1n todos los formularios municipales para comprobar que se utiliza un lenguaje inclusivo que garantice la ausencia de discriminaci\u00f3n ling\u00fc\u00edstica en materia de g\u00e9nero. Tambi\u00e9n se ha programado una jornada formativa sobre lenguaje inclusivo para la plantilla municipal.<\/p>\n<p>Todas estas iniciativas estar\u00e1, dirigidas por la Consultora Fem Acci\u00f3 y coordinadas y supervisadas por los servicios sociales y la comisi\u00f3n de igualdad del Ayuntamiento de Vilamarxant. La corporaci\u00f3n ha solicitado una subvenci\u00f3n a la Diputaci\u00f3 de Val\u00e8ncia para llevar a cabo todas estas acciones.<\/p>\n","protected":false},"excerpt":{"rendered":"<div class=\"mh-excerpt\">La polic\u00eda municipal de Vilamarxant dispondr\u00e1 de un protocolo de actuaci\u00f3n en casos de violencia de g\u00e9nero para poder dar respuesta ante estos sucesos en una nueva iniciativa prevista por la comisi\u00f3n de igualdad del <a class=\"mh-excerpt-more\" href=\"https:\/\/www.tucomarca.com\/wordpress\/segunda\/la-policia-municipal-de-vilamarxant-dispondra-de-un-protocolo-de-actuacion-en-casos-de-violencia-de-genero\/\" title=\"La polic\u00eda municipal de Vilamarxant dispondr\u00e1 de un protocolo de actuaci\u00f3n en casos de violencia de g\u00e9nero\">[+] <\/a><\/div>\n","protected":false},"author":1,"featured_media":77143,"comment_status":"open","ping_status":"open","sticky":false,"template":"","format":"standard","meta":{"footnotes":""},"categories":[46,128,8,142,3,116,45,184],"tags":[11315],"class_list":{"0":"post-77142","1":"post","2":"type-post","3":"status-publish","4":"format-standard","5":"has-post-thumbnail","7":"category-camp-de-turia","8":"category-infraestructuras","9":"category-la-comarca","10":"category-politica-la-comarca","11":"category-seccion","12":"category-sucesos-la-comarca","13":"category-ventana","14":"category-vilamarxant","15":"tag-vilamarxsant"},"_links":{"self":[{"href":"https:\/\/www.tucomarca.com\/wordpress\/segunda\/wp-json\/wp\/v2\/posts\/77142","targetHints":{"allow":["GET"]}}],"collection":[{"href":"https:\/\/www.tucomarca.com\/wordpress\/segunda\/wp-json\/wp\/v2\/posts"}],"about":[{"href":"https:\/\/www.tucomarca.com\/wordpress\/segunda\/wp-json\/wp\/v2\/types\/post"}],"author":[{"embeddable":true,"href":"https:\/\/www.tucomarca.com\/wordpress\/segunda\/wp-json\/wp\/v2\/users\/1"}],"replies":[{"embeddable":true,"href":"https:\/\/www.tucomarca.com\/wordpress\/segunda\/wp-json\/wp\/v2\/comments?post=77142"}],"version-history":[{"count":0,"href":"https:\/\/www.tucomarca.com\/wordpress\/segunda\/wp-json\/wp\/v2\/posts\/77142\/revisions"}],"wp:featuredmedia":[{"embeddable":true,"href":"https:\/\/www.tucomarca.com\/wordpress\/segunda\/wp-json\/wp\/v2\/media\/77143"}],"wp:attachment":[{"href":"https:\/\/www.tucomarca.com\/wordpress\/segunda\/wp-json\/wp\/v2\/media?parent=77142"}],"wp:term":[{"taxonomy":"category","embeddable":true,"href":"https:\/\/www.tucomarca.com\/wordpress\/segunda\/wp-json\/wp\/v2\/categories?post=77142"},{"taxonomy":"post_tag","embeddable":true,"href":"https:\/\/www.tucomarca.com\/wordpress\/segunda\/wp-json\/wp\/v2\/tags?post=77142"}],"curies":[{"name":"wp","href":"https:\/\/api.w.org\/{rel}","templated":true}]}}