{"id":77171,"date":"2018-11-06T22:40:22","date_gmt":"2018-11-06T20:40:22","guid":{"rendered":"http:\/\/www.tucomarca.com\/wordpress\/segunda\/?p=77171"},"modified":"2018-11-06T22:40:22","modified_gmt":"2018-11-06T20:40:22","slug":"jornada-de-formacion-sobre-la-creacion-de-empresas-y-comercializacion-de-productos-agroalimentarios-en-la-mancomunidad-de-la-hoya","status":"publish","type":"post","link":"https:\/\/www.tucomarca.com\/wordpress\/segunda\/jornada-de-formacion-sobre-la-creacion-de-empresas-y-comercializacion-de-productos-agroalimentarios-en-la-mancomunidad-de-la-hoya\/","title":{"rendered":"Jornada de formaci\u00f3n sobre la creaci\u00f3n de empresas y comercializaci\u00f3n de productos agroalimentarios en la Mancomunidad de La Hoya"},"content":{"rendered":"<figure id=\"attachment_77172\" aria-describedby=\"caption-attachment-77172\" style=\"width: 400px\" class=\"wp-caption alignleft\"><img loading=\"lazy\" decoding=\"async\" class=\"size-full wp-image-77172\" src=\"https:\/\/www.tucomarca.com\/wordpress\/segunda\/wp-content\/uploads\/2018\/11\/Jornadamanco.jpeg\" alt=\"Cartel de la jornada de la mancomunidad.\" width=\"400\" height=\"400\" srcset=\"https:\/\/www.tucomarca.com\/wordpress\/segunda\/wp-content\/uploads\/2018\/11\/Jornadamanco.jpeg 400w, https:\/\/www.tucomarca.com\/wordpress\/segunda\/wp-content\/uploads\/2018\/11\/Jornadamanco-290x290.jpeg 290w, https:\/\/www.tucomarca.com\/wordpress\/segunda\/wp-content\/uploads\/2018\/11\/Jornadamanco-300x300.jpeg 300w, https:\/\/www.tucomarca.com\/wordpress\/segunda\/wp-content\/uploads\/2018\/11\/Jornadamanco-50x50.jpeg 50w\" sizes=\"auto, (max-width: 400px) 100vw, 400px\" \/><figcaption id=\"caption-attachment-77172\" class=\"wp-caption-text\">Cartel de la jornada de la mancomunidad.<\/figcaption><\/figure>\n<p>La\u00a0Asociaci\u00f3n para el Desarrollo Rural Sostenible (Rurable)\u00a0ha impulsado la celebraci\u00f3n de una jornada de formaci\u00f3n sobre las claves de la creaci\u00f3n de empresas y la comercializaci\u00f3n con \u00e9xito de productos agroalimentarios, destinada principalmente al empresariado de la comarca de La Hoya de Bu\u00f1ol-Chiva.<\/p>\n<p>Un taller que ser\u00e1 posible gracias a la cooperaci\u00f3n de la\u00a0Sociedad de Transferencia Tecnol\u00f3gica Agr\u00edcola, dependiente de la\u00a0Conselleria de Agricultura, Medio Ambiente, Cambio Clim\u00e1tico y Desarrollo Local, y a la colaboraci\u00f3n de la\u00a0Mancomunidad, que ceder\u00e1 sus instalaciones para esta iniciativa que tendr\u00e1 lugar en\u00a0Y\u00e1tova\u00a0el martes 20 de noviembre en horario de tarde, de 16,00 a 19,00 horas.<\/p>\n<p>El\u00a0programa de la jornada\u00a0se divide en tres partes. En primer lugar, se desarrollar\u00e1 una ponencia de 5 de las claves de la comercializaci\u00f3n agraria a cargo de\u00a0Juan Jos\u00e9 Lliso, t\u00e9cnico especializado en comercializaci\u00f3n agraria y responsable de la Estaci\u00f3n Experimental Agraria de Vila-real. Los asuntos a tratar ser\u00e1n el mercado, canales de comercializaci\u00f3n, diferenciaci\u00f3n del producto, posicionamiento y visibilidad.<\/p>\n<p>Seguidamente ser\u00e1 el turno de conocer las experiencias reales de emprendimiento en la regi\u00f3n que expondr\u00e1n la problem\u00e1tica en la creaci\u00f3n de sus empresas y sus conocimientos respecto a c\u00f3mo comercializar de forma rentable sus productos.<\/p>\n<p>Para concluir la jornada se ha programado una mesa redonda en la que participar\u00e1n los ponentes y los asistentes.<\/p>\n","protected":false},"excerpt":{"rendered":"<div class=\"mh-excerpt\">La\u00a0Asociaci\u00f3n para el Desarrollo Rural Sostenible (Rurable)\u00a0ha impulsado la celebraci\u00f3n de una jornada de formaci\u00f3n sobre las claves de la creaci\u00f3n de empresas y la comercializaci\u00f3n con \u00e9xito de productos agroalimentarios, destinada principalmente al empresariado <a class=\"mh-excerpt-more\" href=\"https:\/\/www.tucomarca.com\/wordpress\/segunda\/jornada-de-formacion-sobre-la-creacion-de-empresas-y-comercializacion-de-productos-agroalimentarios-en-la-mancomunidad-de-la-hoya\/\" title=\"Jornada de formaci\u00f3n sobre la creaci\u00f3n de empresas y comercializaci\u00f3n de productos agroalimentarios en la Mancomunidad de La Hoya\">[+] <\/a><\/div>\n","protected":false},"author":1,"featured_media":77172,"comment_status":"open","ping_status":"open","sticky":false,"template":"","format":"standard","meta":{"footnotes":""},"categories":[4,18,128,8,10,142,3],"tags":[529],"class_list":{"0":"post-77171","1":"post","2":"type-post","3":"status-publish","4":"format-standard","5":"has-post-thumbnail","7":"category-agenda","8":"category-bunol","9":"category-infraestructuras","10":"category-la-comarca","11":"category-la-hoya","12":"category-politica-la-comarca","13":"category-seccion","14":"tag-la-hoya-2"},"_links":{"self":[{"href":"https:\/\/www.tucomarca.com\/wordpress\/segunda\/wp-json\/wp\/v2\/posts\/77171","targetHints":{"allow":["GET"]}}],"collection":[{"href":"https:\/\/www.tucomarca.com\/wordpress\/segunda\/wp-json\/wp\/v2\/posts"}],"about":[{"href":"https:\/\/www.tucomarca.com\/wordpress\/segunda\/wp-json\/wp\/v2\/types\/post"}],"author":[{"embeddable":true,"href":"https:\/\/www.tucomarca.com\/wordpress\/segunda\/wp-json\/wp\/v2\/users\/1"}],"replies":[{"embeddable":true,"href":"https:\/\/www.tucomarca.com\/wordpress\/segunda\/wp-json\/wp\/v2\/comments?post=77171"}],"version-history":[{"count":0,"href":"https:\/\/www.tucomarca.com\/wordpress\/segunda\/wp-json\/wp\/v2\/posts\/77171\/revisions"}],"wp:featuredmedia":[{"embeddable":true,"href":"https:\/\/www.tucomarca.com\/wordpress\/segunda\/wp-json\/wp\/v2\/media\/77172"}],"wp:attachment":[{"href":"https:\/\/www.tucomarca.com\/wordpress\/segunda\/wp-json\/wp\/v2\/media?parent=77171"}],"wp:term":[{"taxonomy":"category","embeddable":true,"href":"https:\/\/www.tucomarca.com\/wordpress\/segunda\/wp-json\/wp\/v2\/categories?post=77171"},{"taxonomy":"post_tag","embeddable":true,"href":"https:\/\/www.tucomarca.com\/wordpress\/segunda\/wp-json\/wp\/v2\/tags?post=77171"}],"curies":[{"name":"wp","href":"https:\/\/api.w.org\/{rel}","templated":true}]}}