{"id":77176,"date":"2018-11-07T00:02:18","date_gmt":"2018-11-06T22:02:18","guid":{"rendered":"http:\/\/www.tucomarca.com\/wordpress\/segunda\/?p=77176"},"modified":"2018-11-07T00:02:18","modified_gmt":"2018-11-06T22:02:18","slug":"cheste-acoge-el-acto-comarcal-del-psoe-de-la-hoya-de-bunol-chiva-en-contra-de-la-violencia-de-genero","status":"publish","type":"post","link":"https:\/\/www.tucomarca.com\/wordpress\/segunda\/cheste-acoge-el-acto-comarcal-del-psoe-de-la-hoya-de-bunol-chiva-en-contra-de-la-violencia-de-genero\/","title":{"rendered":"Cheste acoge el acto comarcal del PSOE de La Hoya de Bu\u00f1ol-Chiva en contra de la violencia de g\u00e9nero"},"content":{"rendered":"<div class=\"\">\n<div class=\"\">\n<figure id=\"attachment_77179\" aria-describedby=\"caption-attachment-77179\" style=\"width: 286px\" class=\"wp-caption alignleft\"><img loading=\"lazy\" decoding=\"async\" class=\" wp-image-77179\" src=\"https:\/\/www.tucomarca.com\/wordpress\/segunda\/wp-content\/uploads\/2018\/11\/CartelPSPV.jpg\" alt=\"Acto sobre la Violencia de G\u00e9nero en Cheste.\" width=\"286\" height=\"404\" srcset=\"https:\/\/www.tucomarca.com\/wordpress\/segunda\/wp-content\/uploads\/2018\/11\/CartelPSPV.jpg 1684w, https:\/\/www.tucomarca.com\/wordpress\/segunda\/wp-content\/uploads\/2018\/11\/CartelPSPV-212x300.jpg 212w, https:\/\/www.tucomarca.com\/wordpress\/segunda\/wp-content\/uploads\/2018\/11\/CartelPSPV-768x1086.jpg 768w, https:\/\/www.tucomarca.com\/wordpress\/segunda\/wp-content\/uploads\/2018\/11\/CartelPSPV-724x1024.jpg 724w, https:\/\/www.tucomarca.com\/wordpress\/segunda\/wp-content\/uploads\/2018\/11\/CartelPSPV-1024x1448.jpg 1024w\" sizes=\"auto, (max-width: 286px) 100vw, 286px\" \/><figcaption id=\"caption-attachment-77179\" class=\"wp-caption-text\">Acto sobre la Violencia de G\u00e9nero en Cheste.<\/figcaption><\/figure>\n<p>El pr\u00f3ximo jueves 8 de noviembre,\u00a0la Ejecutiva Comarcal del PSOE Hoya\u00a0de Bu\u00f1ol-Chiva\u00a0celebrar\u00e1 un acto sobre la Violencia de G\u00e9nero en el Sal\u00f3n de Plenos de Cheste.<\/p>\n<\/div>\n<\/div>\n<p>En este acto se contar\u00e1 con la presencia de Maria Such (Directora General del Instituto Valenciano de Mujeres y por la Igualdad de G\u00e9nero), Rosa Giralt (Fiscal), Rosa Peris (Diputada en las Cortes Valencianas, y gran activista de erradicar la Violencia Machista), un miembro de la Guardia Civil especializado en casos de Violencia Machista) y la Asociaci\u00f3n Alanna.<\/p>\n<div class=\"page\" title=\"Page 1\">\n<div class=\"section\">\n<div class=\"layoutArea\">\n<div class=\"column\">\n<p>En este acto se hablar\u00e1 de igualdad, de pol\u00edticas sociales y de las lineas de actuaci\u00f3n que se est\u00e1n llevando a cabo para erradicar la Violencia Machista en la Comunidad Valenciana.<\/p>\n<\/div>\n<\/div>\n<\/div>\n<\/div>\n","protected":false},"excerpt":{"rendered":"<div class=\"mh-excerpt\">El pr\u00f3ximo jueves 8 de noviembre,\u00a0la Ejecutiva Comarcal del PSOE Hoya\u00a0de Bu\u00f1ol-Chiva\u00a0celebrar\u00e1 un acto sobre la Violencia de G\u00e9nero en el Sal\u00f3n de Plenos de Cheste. En este acto se contar\u00e1 con la presencia de <a class=\"mh-excerpt-more\" href=\"https:\/\/www.tucomarca.com\/wordpress\/segunda\/cheste-acoge-el-acto-comarcal-del-psoe-de-la-hoya-de-bunol-chiva-en-contra-de-la-violencia-de-genero\/\" title=\"Cheste acoge el acto comarcal del PSOE de La Hoya de Bu\u00f1ol-Chiva en contra de la violencia de g\u00e9nero\">[+] <\/a><\/div>\n","protected":false},"author":2,"featured_media":77179,"comment_status":"open","ping_status":"open","sticky":false,"template":"","format":"standard","meta":{"footnotes":""},"categories":[4,17,10,142,3],"tags":[5952,2412],"class_list":{"0":"post-77176","1":"post","2":"type-post","3":"status-publish","4":"format-standard","5":"has-post-thumbnail","7":"category-agenda","8":"category-cheste","9":"category-la-hoya","10":"category-politica-la-comarca","11":"category-seccion","12":"tag-la-hoya-de-bunol-chiva","13":"tag-pspv-psoe"},"_links":{"self":[{"href":"https:\/\/www.tucomarca.com\/wordpress\/segunda\/wp-json\/wp\/v2\/posts\/77176","targetHints":{"allow":["GET"]}}],"collection":[{"href":"https:\/\/www.tucomarca.com\/wordpress\/segunda\/wp-json\/wp\/v2\/posts"}],"about":[{"href":"https:\/\/www.tucomarca.com\/wordpress\/segunda\/wp-json\/wp\/v2\/types\/post"}],"author":[{"embeddable":true,"href":"https:\/\/www.tucomarca.com\/wordpress\/segunda\/wp-json\/wp\/v2\/users\/2"}],"replies":[{"embeddable":true,"href":"https:\/\/www.tucomarca.com\/wordpress\/segunda\/wp-json\/wp\/v2\/comments?post=77176"}],"version-history":[{"count":0,"href":"https:\/\/www.tucomarca.com\/wordpress\/segunda\/wp-json\/wp\/v2\/posts\/77176\/revisions"}],"wp:featuredmedia":[{"embeddable":true,"href":"https:\/\/www.tucomarca.com\/wordpress\/segunda\/wp-json\/wp\/v2\/media\/77179"}],"wp:attachment":[{"href":"https:\/\/www.tucomarca.com\/wordpress\/segunda\/wp-json\/wp\/v2\/media?parent=77176"}],"wp:term":[{"taxonomy":"category","embeddable":true,"href":"https:\/\/www.tucomarca.com\/wordpress\/segunda\/wp-json\/wp\/v2\/categories?post=77176"},{"taxonomy":"post_tag","embeddable":true,"href":"https:\/\/www.tucomarca.com\/wordpress\/segunda\/wp-json\/wp\/v2\/tags?post=77176"}],"curies":[{"name":"wp","href":"https:\/\/api.w.org\/{rel}","templated":true}]}}