{"id":77200,"date":"2018-11-07T11:25:18","date_gmt":"2018-11-07T09:25:18","guid":{"rendered":"http:\/\/www.tucomarca.com\/wordpress\/segunda\/?p=77200"},"modified":"2018-11-07T11:25:18","modified_gmt":"2018-11-07T09:25:18","slug":"riba-roja-busca-a-dos-vecinos-fusilados-y-sepultados-en-fosas-comunes-de-villar-del-arzobispo-al-finalizar-la-guerra-civil","status":"publish","type":"post","link":"https:\/\/www.tucomarca.com\/wordpress\/segunda\/riba-roja-busca-a-dos-vecinos-fusilados-y-sepultados-en-fosas-comunes-de-villar-del-arzobispo-al-finalizar-la-guerra-civil\/","title":{"rendered":"Riba-roja busca a dos vecinos fusilados y sepultados en fosas comunes de Villar del Arzobispo al finalizar la guerra civil"},"content":{"rendered":"<figure id=\"attachment_77202\" aria-describedby=\"caption-attachment-77202\" style=\"width: 218px\" class=\"wp-caption alignleft\"><img loading=\"lazy\" decoding=\"async\" class=\" wp-image-77202\" src=\"https:\/\/www.tucomarca.com\/wordpress\/segunda\/wp-content\/uploads\/2018\/11\/sepultado.jpg\" alt=\"El consistorio inicia contactos con su hom\u00f3logo de Villar para su b\u00fasqueda.\" width=\"218\" height=\"291\" srcset=\"https:\/\/www.tucomarca.com\/wordpress\/segunda\/wp-content\/uploads\/2018\/11\/sepultado.jpg 1200w, https:\/\/www.tucomarca.com\/wordpress\/segunda\/wp-content\/uploads\/2018\/11\/sepultado-225x300.jpg 225w, https:\/\/www.tucomarca.com\/wordpress\/segunda\/wp-content\/uploads\/2018\/11\/sepultado-768x1024.jpg 768w, https:\/\/www.tucomarca.com\/wordpress\/segunda\/wp-content\/uploads\/2018\/11\/sepultado-1024x1365.jpg 1024w\" sizes=\"auto, (max-width: 218px) 100vw, 218px\" \/><figcaption id=\"caption-attachment-77202\" class=\"wp-caption-text\">El consistorio inicia contactos con su hom\u00f3logo de Villar para su b\u00fasqueda.<\/figcaption><\/figure>\n<p><strong>El consistorio inicia contactos con su hom\u00f3logo de Villar para su b\u00fasqueda<\/strong><\/p>\n<p>El Ayuntamiento de Riba-roja de T\u00faria ha iniciado un proceso con el Ayuntamiento de Villar del Arzobispo para intentar localizar los cuerpos de dos vecinos que fueron fusilados y sepultados en fosas comunes de esta \u00faltima localidad a finales de la guerra civil espa\u00f1ola, entre finales del mes de abril y principios de mayo de 1939. El objetivo de las familias de los desaparecidos es extraerlos de las fosas comunes para trasladarlos y enterrarlos, posteriormente, en el cementerio de Riba-roja.<\/p>\n<p>Los testimonios de los supervivientes de la \u00e9poca, coet\u00e1neos con los hechos descritos, ratifican que en una de las semanas de la citada \u00e9poca se rubricaron hasta 142 penas de muerte, entre las que destacan el fusilamiento de 19 personas en una sola jornada dos de cuyos asesinados fueron los vecinos de Riba-roja de T\u00faria, encarcelados durante a\u00f1os en una prisi\u00f3n de Ll\u00edria desde la que los trasladaron a Villar del Arzobispo para matarlos y, posteriormente, enterrarlos en las fosas comunes.<\/p>\n<p>La primera de las prospecciones efectuada con una subvenci\u00f3n de la Diputaci\u00f3n de Valencia, fijada en alrededor de 50.000 euros, ha resultado infructuosa respecto del objetivo de localizar las fosa con los cuerpos de los sentenciados a muerte y est\u00e1 previsto que pr\u00f3ximamente se pueda realizar una segunda prospecci\u00f3n de los terrenos donde se cree, de acuerdo a los testimonios de la \u00e9poca, puedan reposar los cuerpos.<\/p>\n<p>Al parecer, las personas fusiladas en Villar proced\u00edan de diversas localidades valencianas, tanto de la provincia de Valencia como de las comarcas del Camp de T\u00faria y de la Serran\u00eda. Las primeras investigaciones sit\u00faan las fosas comunes en diversas \u00e1reas situadas cercanas al cementerio municipal, junto a un lavadero. En concreto, se trata de Amadeo Bellver Mas y de Jos\u00e9 Bigorra Pedr\u00f3s.<\/p>\n<p>Uno de los dos ejecutados consigui\u00f3 hacer llegar a su familia una carta de despedida \u00abdesgarradora y muy emotiva\u00bb gracias a insertarla en el interior de una caja de caramelos con la que consigui\u00f3 que pasase desapercibida y de esta forma llegase a su destino final ya que en ambos casos las autoridades surgidas del levantamiento militar impidieron que pudiesen ponerse en contacto con sus respectivas familias.<\/p>\n<p>La crudeza con la que se llevaban a cabo la ejecuci\u00f3n y posterior sepultura de los cuerpos de los presos queda reflejada en una an\u00e9cdota aportada por los testigos de la \u00e9poca que relatan que los m\u00e1s j\u00f3venes de la \u00e9poca se negaban a jugar a futbol en un campo destinado a tal efecto ya que muchos de los cuerpos de los ejecutados estaban en lugares cercanos al recinto deportivo y, en ocasiones, llegaron a visualizar y detectar huesos y restos humanos en zonas anexas.<\/p>\n<p>Los estudios y an\u00e1lisis de los datos hist\u00f3ricos aportados por los supervivientes de la \u00e9poca fijan en diversos centenares los cuerpos que, posiblemente, se pueden hallar en algunos campos del t\u00e9rmino municipal de Villar del Arzobispo, en un enclave situado cerca del cementerio y del pol\u00edgono industrial La Loma. El vecino de Villar Vicente L\u00f3pez Llatas ha sido uno de los art\u00edfices que ha permitido indagar y descubrir aspectos e inc\u00f3gnitas de los desaparecidos de Riba-roja.<\/p>\n<p>Los testimonios orales junto a fotograf\u00edas de la \u00e9poca y diarios escritos por particulares han sido esenciales para recabar toda la documentaci\u00f3n de los hechos tan terribles que sufrieron estos dos vecinos de Riba-roja de T\u00faria.<\/p>\n<p>El alcalde de Riba-roja de T\u00faria, Robert Raga, ha reclamado <i>\u00abel derecho\u00bb<\/i> de las familias de los dos desaparecidos \u00ab<i>a encontrar los restos de los cuerpos de sus familiares para trasladarlos a su localidad de nacimiento y poder resarcir de esta forma el da\u00f1o que en su momento sufrieron en un acto de justicia plena con el objetivo principal de poder cerrar las heridas que durante tanto tiempo han soportado; no hay que olvidar que en Paterna tambi\u00e9n hay vecinos de Riba-roja sepultados en fosas comunes y tienen el mismo derecho a recuperar sus cuerpos\u00bb.\u00a0<\/i><\/p>\n","protected":false},"excerpt":{"rendered":"<div class=\"mh-excerpt\">El consistorio inicia contactos con su hom\u00f3logo de Villar para su b\u00fasqueda El Ayuntamiento de Riba-roja de T\u00faria ha iniciado un proceso con el Ayuntamiento de Villar del Arzobispo para intentar localizar los cuerpos de <a class=\"mh-excerpt-more\" href=\"https:\/\/www.tucomarca.com\/wordpress\/segunda\/riba-roja-busca-a-dos-vecinos-fusilados-y-sepultados-en-fosas-comunes-de-villar-del-arzobispo-al-finalizar-la-guerra-civil\/\" title=\"Riba-roja busca a dos vecinos fusilados y sepultados en fosas comunes de Villar del Arzobispo al finalizar la guerra civil\">[+] <\/a><\/div>\n","protected":false},"author":2,"featured_media":77202,"comment_status":"open","ping_status":"open","sticky":false,"template":"","format":"standard","meta":{"footnotes":""},"categories":[46,8,142,182,3,45],"tags":[10631,10395],"class_list":{"0":"post-77200","1":"post","2":"type-post","3":"status-publish","4":"format-standard","5":"has-post-thumbnail","7":"category-camp-de-turia","8":"category-la-comarca","9":"category-politica-la-comarca","10":"category-riba-roja","11":"category-seccion","12":"category-ventana","13":"tag-ajuntament-de-riba-roja","14":"tag-camp-de-turia"},"_links":{"self":[{"href":"https:\/\/www.tucomarca.com\/wordpress\/segunda\/wp-json\/wp\/v2\/posts\/77200","targetHints":{"allow":["GET"]}}],"collection":[{"href":"https:\/\/www.tucomarca.com\/wordpress\/segunda\/wp-json\/wp\/v2\/posts"}],"about":[{"href":"https:\/\/www.tucomarca.com\/wordpress\/segunda\/wp-json\/wp\/v2\/types\/post"}],"author":[{"embeddable":true,"href":"https:\/\/www.tucomarca.com\/wordpress\/segunda\/wp-json\/wp\/v2\/users\/2"}],"replies":[{"embeddable":true,"href":"https:\/\/www.tucomarca.com\/wordpress\/segunda\/wp-json\/wp\/v2\/comments?post=77200"}],"version-history":[{"count":0,"href":"https:\/\/www.tucomarca.com\/wordpress\/segunda\/wp-json\/wp\/v2\/posts\/77200\/revisions"}],"wp:featuredmedia":[{"embeddable":true,"href":"https:\/\/www.tucomarca.com\/wordpress\/segunda\/wp-json\/wp\/v2\/media\/77202"}],"wp:attachment":[{"href":"https:\/\/www.tucomarca.com\/wordpress\/segunda\/wp-json\/wp\/v2\/media?parent=77200"}],"wp:term":[{"taxonomy":"category","embeddable":true,"href":"https:\/\/www.tucomarca.com\/wordpress\/segunda\/wp-json\/wp\/v2\/categories?post=77200"},{"taxonomy":"post_tag","embeddable":true,"href":"https:\/\/www.tucomarca.com\/wordpress\/segunda\/wp-json\/wp\/v2\/tags?post=77200"}],"curies":[{"name":"wp","href":"https:\/\/api.w.org\/{rel}","templated":true}]}}