{"id":77216,"date":"2018-11-07T11:27:47","date_gmt":"2018-11-07T09:27:47","guid":{"rendered":"http:\/\/www.tucomarca.com\/wordpress\/segunda\/?p=77216"},"modified":"2018-11-07T11:42:00","modified_gmt":"2018-11-07T09:42:00","slug":"el-chiva-cf-le-pasa-por-encima-al-losa-del-obispo-7-0-en-el-partido-atrasado-por-el-mal-tiempo","status":"publish","type":"post","link":"https:\/\/www.tucomarca.com\/wordpress\/segunda\/el-chiva-cf-le-pasa-por-encima-al-losa-del-obispo-7-0-en-el-partido-atrasado-por-el-mal-tiempo\/","title":{"rendered":"El Chiva CF le pasa por encima al Losa del Obispo (7-0) en el partido atrasado por el mal tiempo"},"content":{"rendered":"<div>\n<figure id=\"attachment_73486\" aria-describedby=\"caption-attachment-73486\" style=\"width: 649px\" class=\"wp-caption alignleft\"><img loading=\"lazy\" decoding=\"async\" class=\" wp-image-73486\" src=\"https:\/\/www.tucomarca.com\/wordpress\/segunda\/wp-content\/uploads\/2018\/08\/ChivaCF25.jpg\" alt=\"El Chiva suma de momento 6 de 6 puntos posibles.\" width=\"649\" height=\"433\" srcset=\"https:\/\/www.tucomarca.com\/wordpress\/segunda\/wp-content\/uploads\/2018\/08\/ChivaCF25.jpg 787w, https:\/\/www.tucomarca.com\/wordpress\/segunda\/wp-content\/uploads\/2018\/08\/ChivaCF25-300x200.jpg 300w, https:\/\/www.tucomarca.com\/wordpress\/segunda\/wp-content\/uploads\/2018\/08\/ChivaCF25-768x512.jpg 768w\" sizes=\"auto, (max-width: 649px) 100vw, 649px\" \/><figcaption id=\"caption-attachment-73486\" class=\"wp-caption-text\">Jugadores de la plantilla del Chiva CF con el cuerpo t\u00e9cnico, m\u00edster y directiva.<\/figcaption><\/figure>\n<p>Este\u00a0martes por la tarde se ha jugado el partido de la jornada sexta que tuvo que ser suspendido por el mal tiempo entre el Chiva CF y Losa del Obispo.<\/p>\n<\/div>\n<div>Los de Germ\u00e1n apenas dejaron que los visitantes vislumbrasen el bal\u00f3n para endosarles cuatro\u00a0goles en la primera mitad y tres\u00a0m\u00e1s en la segunda, en total 7. A\u00a0s\u00f3lo dos\u00a0minutos del comienzo, Adri\u00e1n Benavent ya abri\u00f3 el marcador, los minutos finales del primer tiempo fueron los infernales:\u00a0en el 29 Ra\u00fal P\u00e9rez que est\u00e1 en racha har\u00eda el 2-0, luego le acompa\u00f1ar\u00eda Albert en el 39 y, justo antes del descanso, Ra\u00fal repetir\u00eda diana.<\/div>\n<div><\/div>\n<div>En la segunda mitad, Albert Medina endosar\u00eda dos\u00a0dianas m\u00e1s para completar su hat track\u00a0en un partido que\u00a0finalizar\u00eda con\u00a0el gol antes, en el 72,\u00a0de \u00d3scar.<\/div>\n<div><\/div>\n<div>El partido se llev\u00f3 a cabo sin apenas amonestaciones, s\u00f3lo una\u00a0para los de La Hoya por una \u00abpatada temeraria\u00bb, seg\u00fan el propio acta del colegiado.<\/div>\n<div><\/div>\n<div>Tras el partido y la victoria, el Chiva CF suma 24 puntos y se pondr\u00eda l\u00edder, a la espera de disputarse el Ribarroja-Venta del Moro entre el colider y el puesto 11.\u00a0Informa, Ra\u00fal Miralles Lacalle @raulmks<\/div>\n","protected":false},"excerpt":{"rendered":"<div class=\"mh-excerpt\">Este\u00a0martes por la tarde se ha jugado el partido de la jornada sexta que tuvo que ser suspendido por el mal tiempo entre el Chiva CF y Losa del Obispo. Los de Germ\u00e1n apenas dejaron <a class=\"mh-excerpt-more\" href=\"https:\/\/www.tucomarca.com\/wordpress\/segunda\/el-chiva-cf-le-pasa-por-encima-al-losa-del-obispo-7-0-en-el-partido-atrasado-por-el-mal-tiempo\/\" title=\"El Chiva CF le pasa por encima al Losa del Obispo (7-0) en el partido atrasado por el mal tiempo\">[+] <\/a><\/div>\n","protected":false},"author":1,"featured_media":73486,"comment_status":"open","ping_status":"open","sticky":false,"template":"","format":"standard","meta":{"footnotes":""},"categories":[50,16,6,10,3,45],"tags":[10384,10379,10661,11129],"class_list":{"0":"post-77216","1":"post","2":"type-post","3":"status-publish","4":"format-standard","5":"has-post-thumbnail","7":"category-futbol-deportes","8":"category-chiva","9":"category-deportes","10":"category-la-hoya","11":"category-seccion","12":"category-ventana","13":"tag-chiva","14":"tag-deportes","15":"tag-esports","16":"tag-xiva"},"_links":{"self":[{"href":"https:\/\/www.tucomarca.com\/wordpress\/segunda\/wp-json\/wp\/v2\/posts\/77216","targetHints":{"allow":["GET"]}}],"collection":[{"href":"https:\/\/www.tucomarca.com\/wordpress\/segunda\/wp-json\/wp\/v2\/posts"}],"about":[{"href":"https:\/\/www.tucomarca.com\/wordpress\/segunda\/wp-json\/wp\/v2\/types\/post"}],"author":[{"embeddable":true,"href":"https:\/\/www.tucomarca.com\/wordpress\/segunda\/wp-json\/wp\/v2\/users\/1"}],"replies":[{"embeddable":true,"href":"https:\/\/www.tucomarca.com\/wordpress\/segunda\/wp-json\/wp\/v2\/comments?post=77216"}],"version-history":[{"count":0,"href":"https:\/\/www.tucomarca.com\/wordpress\/segunda\/wp-json\/wp\/v2\/posts\/77216\/revisions"}],"wp:featuredmedia":[{"embeddable":true,"href":"https:\/\/www.tucomarca.com\/wordpress\/segunda\/wp-json\/wp\/v2\/media\/73486"}],"wp:attachment":[{"href":"https:\/\/www.tucomarca.com\/wordpress\/segunda\/wp-json\/wp\/v2\/media?parent=77216"}],"wp:term":[{"taxonomy":"category","embeddable":true,"href":"https:\/\/www.tucomarca.com\/wordpress\/segunda\/wp-json\/wp\/v2\/categories?post=77216"},{"taxonomy":"post_tag","embeddable":true,"href":"https:\/\/www.tucomarca.com\/wordpress\/segunda\/wp-json\/wp\/v2\/tags?post=77216"}],"curies":[{"name":"wp","href":"https:\/\/api.w.org\/{rel}","templated":true}]}}