{"id":77267,"date":"2018-11-09T14:55:59","date_gmt":"2018-11-09T12:55:59","guid":{"rendered":"http:\/\/www.tucomarca.com\/wordpress\/segunda\/?p=77267"},"modified":"2018-11-09T14:55:59","modified_gmt":"2018-11-09T12:55:59","slug":"el-consorcio-valencia-interior-explica-en-bruselas-sus-proyectos-medioambientales","status":"publish","type":"post","link":"https:\/\/www.tucomarca.com\/wordpress\/segunda\/el-consorcio-valencia-interior-explica-en-bruselas-sus-proyectos-medioambientales\/","title":{"rendered":"El Consorcio Valencia Interior explica en Bruselas sus proyectos medioambientales"},"content":{"rendered":"<figure id=\"attachment_77268\" aria-describedby=\"caption-attachment-77268\" style=\"width: 462px\" class=\"wp-caption alignleft\"><img loading=\"lazy\" decoding=\"async\" class=\" wp-image-77268\" src=\"https:\/\/www.tucomarca.com\/wordpress\/segunda\/wp-content\/uploads\/2018\/11\/CVIBruselas.jpg\" alt=\"El presidente del ente, Manuel Civera, se re\u00fane con la Direcci\u00f3n General de Medio Ambiente y con la Comisi\u00f3n de Desarrollo Regional de la UE para presentar sus estrategias en gesti\u00f3n de residuos.\" width=\"462\" height=\"328\" srcset=\"https:\/\/www.tucomarca.com\/wordpress\/segunda\/wp-content\/uploads\/2018\/11\/CVIBruselas.jpg 864w, https:\/\/www.tucomarca.com\/wordpress\/segunda\/wp-content\/uploads\/2018\/11\/CVIBruselas-300x213.jpg 300w, https:\/\/www.tucomarca.com\/wordpress\/segunda\/wp-content\/uploads\/2018\/11\/CVIBruselas-768x545.jpg 768w\" sizes=\"auto, (max-width: 462px) 100vw, 462px\" \/><figcaption id=\"caption-attachment-77268\" class=\"wp-caption-text\">El presidente del ente, Manuel Civera, se re\u00fane con la Direcci\u00f3n General de Medio Ambiente y con la Comisi\u00f3n de Desarrollo Regional de la UE para presentar sus estrategias en gesti\u00f3n de residuos.<\/figcaption><\/figure>\n<p>Una representaci\u00f3n del Consorcio Valencia Interior ha viajado hasta Bruselas para conocer de primera mano los proyectos que se est\u00e1n desarrollando desde la Uni\u00f3n Europea en aspectos relacionados con el Medio Ambiente y dar a conocer sus propios planes en materia medioambiental. Los eurodiputados se han centrado en mostrar la normativa y diversos aspectos relacionados con la econom\u00eda circular y la gesti\u00f3n de residuos y recursos, entre otros aspectos.<\/p>\n<p>El presidente del Consorcio, Manuel Civera, se ha reunido esta ma\u00f1ana con Luis Planas Herreras que en la actualidad es miembro de la Direcci\u00f3n General de Medio Ambiente de la Uni\u00f3n Europea, con la eurodiputada Soledad Cabez\u00f3n como miembro de la Comisi\u00f3n de Medio Ambiente de la UE, con la eurodiputada Iratxe Garc\u00eda, miembro de la Comisi\u00f3n de Desarrollo Regional de la UE, as\u00ed como con la europarlamentaria Inmaculada Rodr\u00edguez Pi\u00f1ero.<\/p>\n<figure id=\"attachment_77271\" aria-describedby=\"caption-attachment-77271\" style=\"width: 396px\" class=\"wp-caption alignright\"><img loading=\"lazy\" decoding=\"async\" class=\" wp-image-77271\" src=\"https:\/\/www.tucomarca.com\/wordpress\/segunda\/wp-content\/uploads\/2018\/11\/CVIBruselas2.jpg\" alt=\"El presidente del Consorcio, Manuel Civera.\" width=\"396\" height=\"295\" srcset=\"https:\/\/www.tucomarca.com\/wordpress\/segunda\/wp-content\/uploads\/2018\/11\/CVIBruselas2.jpg 884w, https:\/\/www.tucomarca.com\/wordpress\/segunda\/wp-content\/uploads\/2018\/11\/CVIBruselas2-300x224.jpg 300w, https:\/\/www.tucomarca.com\/wordpress\/segunda\/wp-content\/uploads\/2018\/11\/CVIBruselas2-768x573.jpg 768w\" sizes=\"auto, (max-width: 396px) 100vw, 396px\" \/><figcaption id=\"caption-attachment-77271\" class=\"wp-caption-text\">El presidente del Consorcio, Manuel Civera.<\/figcaption><\/figure>\n<p>Durante la visita, Civera ha podido presentar a sus interlocutores europeos las estrategias que se est\u00e1n impulsando desde el Consorcio Valencia Interior en materia de medio ambiente, as\u00ed como diversos proyectos que se est\u00e1n implantando a nivel municipal que permiten reducir las emisiones de CO<sub>2<\/sub>.<\/p>\n","protected":false},"excerpt":{"rendered":"<div class=\"mh-excerpt\">Una representaci\u00f3n del Consorcio Valencia Interior ha viajado hasta Bruselas para conocer de primera mano los proyectos que se est\u00e1n desarrollando desde la Uni\u00f3n Europea en aspectos relacionados con el Medio Ambiente y dar a <a class=\"mh-excerpt-more\" href=\"https:\/\/www.tucomarca.com\/wordpress\/segunda\/el-consorcio-valencia-interior-explica-en-bruselas-sus-proyectos-medioambientales\/\" title=\"El Consorcio Valencia Interior explica en Bruselas sus proyectos medioambientales\">[+] <\/a><\/div>\n","protected":false},"author":1,"featured_media":77268,"comment_status":"open","ping_status":"open","sticky":false,"template":"","format":"standard","meta":{"footnotes":""},"categories":[46,37,128,8,72,10,47,117,142,27,3,45],"tags":[644],"class_list":{"0":"post-77267","1":"post","2":"type-post","3":"status-publish","4":"format-standard","5":"has-post-thumbnail","7":"category-camp-de-turia","8":"category-caudete","9":"category-infraestructuras","10":"category-la-comarca","11":"category-sin-categorizar","12":"category-la-hoya","13":"category-lliria","14":"category-medio-ambiente-la-comarca","15":"category-politica-la-comarca","16":"category-requena-utiel","17":"category-seccion","18":"category-ventana","19":"tag-consorcio"},"_links":{"self":[{"href":"https:\/\/www.tucomarca.com\/wordpress\/segunda\/wp-json\/wp\/v2\/posts\/77267","targetHints":{"allow":["GET"]}}],"collection":[{"href":"https:\/\/www.tucomarca.com\/wordpress\/segunda\/wp-json\/wp\/v2\/posts"}],"about":[{"href":"https:\/\/www.tucomarca.com\/wordpress\/segunda\/wp-json\/wp\/v2\/types\/post"}],"author":[{"embeddable":true,"href":"https:\/\/www.tucomarca.com\/wordpress\/segunda\/wp-json\/wp\/v2\/users\/1"}],"replies":[{"embeddable":true,"href":"https:\/\/www.tucomarca.com\/wordpress\/segunda\/wp-json\/wp\/v2\/comments?post=77267"}],"version-history":[{"count":0,"href":"https:\/\/www.tucomarca.com\/wordpress\/segunda\/wp-json\/wp\/v2\/posts\/77267\/revisions"}],"wp:featuredmedia":[{"embeddable":true,"href":"https:\/\/www.tucomarca.com\/wordpress\/segunda\/wp-json\/wp\/v2\/media\/77268"}],"wp:attachment":[{"href":"https:\/\/www.tucomarca.com\/wordpress\/segunda\/wp-json\/wp\/v2\/media?parent=77267"}],"wp:term":[{"taxonomy":"category","embeddable":true,"href":"https:\/\/www.tucomarca.com\/wordpress\/segunda\/wp-json\/wp\/v2\/categories?post=77267"},{"taxonomy":"post_tag","embeddable":true,"href":"https:\/\/www.tucomarca.com\/wordpress\/segunda\/wp-json\/wp\/v2\/tags?post=77267"}],"curies":[{"name":"wp","href":"https:\/\/api.w.org\/{rel}","templated":true}]}}