{"id":77276,"date":"2018-11-08T23:38:58","date_gmt":"2018-11-08T21:38:58","guid":{"rendered":"http:\/\/www.tucomarca.com\/wordpress\/segunda\/?p=77276"},"modified":"2018-11-08T23:38:58","modified_gmt":"2018-11-08T21:38:58","slug":"el-equipo-de-gobierno-de-cheste-baja-un-11-los-valores-catastrales-durante-la-actual-legislatura","status":"publish","type":"post","link":"https:\/\/www.tucomarca.com\/wordpress\/segunda\/el-equipo-de-gobierno-de-cheste-baja-un-11-los-valores-catastrales-durante-la-actual-legislatura\/","title":{"rendered":"El equipo de gobierno de Cheste baja un 11% los valores catastrales durante la actual legislatura"},"content":{"rendered":"<figure id=\"attachment_77277\" aria-describedby=\"caption-attachment-77277\" style=\"width: 422px\" class=\"wp-caption alignleft\"><img loading=\"lazy\" decoding=\"async\" class=\" wp-image-77277\" src=\"https:\/\/www.tucomarca.com\/wordpress\/segunda\/wp-content\/uploads\/2018\/11\/Chestepleno.jpg\" alt=\"El Impuesto de Bienes Inmuebles (IBI) tambi\u00e9n se bajar\u00e1 en 2019 hasta el 0,58%.\" width=\"422\" height=\"281\" srcset=\"https:\/\/www.tucomarca.com\/wordpress\/segunda\/wp-content\/uploads\/2018\/11\/Chestepleno.jpg 5472w, https:\/\/www.tucomarca.com\/wordpress\/segunda\/wp-content\/uploads\/2018\/11\/Chestepleno-300x200.jpg 300w, https:\/\/www.tucomarca.com\/wordpress\/segunda\/wp-content\/uploads\/2018\/11\/Chestepleno-768x512.jpg 768w, https:\/\/www.tucomarca.com\/wordpress\/segunda\/wp-content\/uploads\/2018\/11\/Chestepleno-1024x683.jpg 1024w\" sizes=\"auto, (max-width: 422px) 100vw, 422px\" \/><figcaption id=\"caption-attachment-77277\" class=\"wp-caption-text\">El Impuesto de Bienes Inmuebles (IBI) tambi\u00e9n se bajar\u00e1 en 2019 hasta el 0,58%.<\/figcaption><\/figure>\n<p>Los ciudadanos y ciudadanas de Cheste ver\u00e1n reducido el impuesto de la contribuci\u00f3n del per\u00edodo 2019 tras la aprobaci\u00f3n en Pleno de la bajada del IBI Urbano y los valores catastrales, a propuesta de la concejala de Hacienda, Carmen Delgado.<\/p>\n<p>En concreto, para 2019, se reducen un 3% los valores catastrales y se baja tres d\u00e9cimas porcentuales el Impuesto de Bienes Inmuebles (IBI), qued\u00e1ndose en un 0,58%.<\/p>\n<p>\u201cDurante esta legislatura hemos bajado los valores catastrales en un 11% y para 2019 hemos reducido tambi\u00e9n el IBI, llev\u00e1ndolo a los niveles de 2015\u201d, explica Delgado. \u201cBajar los impuestos es una medida que beneficia a todos y a todas y puede suponer un desahogo y una mejora de la econom\u00eda chestana. Por eso, cuando hemos visto el momento en el que poder bajarlos un poco, lo hemos hecho, ya que calculamos que los ingresos previstos para 2019 son suficientes para atender los gastos que la Ley de Regla de Gasto nos permite\u201d.<\/p>\n<p>Tal y como explica la concejala, esta bajada de impuestos se plasmar\u00e1 en una reducci\u00f3n del recibo de la contribuci\u00f3n del pr\u00f3ximo a\u00f1o. As\u00ed, en el caso de una vivienda tipo de 90 metros cuadrados con 30 a\u00f1os de antig\u00fcedad, la reducci\u00f3n desde 2015 hasta 2019, ser\u00e1 del 10,75% del total. Del mismo modo, el importe del recibo de una vivienda de 120 metros cuadrados con 20 a\u00f1os de antig\u00fcedad disminuir\u00e1 en un 10,60%, haciendo la comparativa desde el inicio de la presente legislatura hasta el d\u00eda de hoy.<\/p>\n","protected":false},"excerpt":{"rendered":"<div class=\"mh-excerpt\">Los ciudadanos y ciudadanas de Cheste ver\u00e1n reducido el impuesto de la contribuci\u00f3n del per\u00edodo 2019 tras la aprobaci\u00f3n en Pleno de la bajada del IBI Urbano y los valores catastrales, a propuesta de la <a class=\"mh-excerpt-more\" href=\"https:\/\/www.tucomarca.com\/wordpress\/segunda\/el-equipo-de-gobierno-de-cheste-baja-un-11-los-valores-catastrales-durante-la-actual-legislatura\/\" title=\"El equipo de gobierno de Cheste baja un 11% los valores catastrales durante la actual legislatura\">[+] <\/a><\/div>\n","protected":false},"author":1,"featured_media":77278,"comment_status":"open","ping_status":"open","sticky":false,"template":"","format":"standard","meta":{"footnotes":""},"categories":[17,128,8,10,142,3,45],"tags":[339],"class_list":{"0":"post-77276","1":"post","2":"type-post","3":"status-publish","4":"format-standard","5":"has-post-thumbnail","7":"category-cheste","8":"category-infraestructuras","9":"category-la-comarca","10":"category-la-hoya","11":"category-politica-la-comarca","12":"category-seccion","13":"category-ventana","14":"tag-cheste-2"},"_links":{"self":[{"href":"https:\/\/www.tucomarca.com\/wordpress\/segunda\/wp-json\/wp\/v2\/posts\/77276","targetHints":{"allow":["GET"]}}],"collection":[{"href":"https:\/\/www.tucomarca.com\/wordpress\/segunda\/wp-json\/wp\/v2\/posts"}],"about":[{"href":"https:\/\/www.tucomarca.com\/wordpress\/segunda\/wp-json\/wp\/v2\/types\/post"}],"author":[{"embeddable":true,"href":"https:\/\/www.tucomarca.com\/wordpress\/segunda\/wp-json\/wp\/v2\/users\/1"}],"replies":[{"embeddable":true,"href":"https:\/\/www.tucomarca.com\/wordpress\/segunda\/wp-json\/wp\/v2\/comments?post=77276"}],"version-history":[{"count":0,"href":"https:\/\/www.tucomarca.com\/wordpress\/segunda\/wp-json\/wp\/v2\/posts\/77276\/revisions"}],"wp:featuredmedia":[{"embeddable":true,"href":"https:\/\/www.tucomarca.com\/wordpress\/segunda\/wp-json\/wp\/v2\/media\/77278"}],"wp:attachment":[{"href":"https:\/\/www.tucomarca.com\/wordpress\/segunda\/wp-json\/wp\/v2\/media?parent=77276"}],"wp:term":[{"taxonomy":"category","embeddable":true,"href":"https:\/\/www.tucomarca.com\/wordpress\/segunda\/wp-json\/wp\/v2\/categories?post=77276"},{"taxonomy":"post_tag","embeddable":true,"href":"https:\/\/www.tucomarca.com\/wordpress\/segunda\/wp-json\/wp\/v2\/tags?post=77276"}],"curies":[{"name":"wp","href":"https:\/\/api.w.org\/{rel}","templated":true}]}}