{"id":77306,"date":"2018-11-09T16:19:59","date_gmt":"2018-11-09T14:19:59","guid":{"rendered":"http:\/\/www.tucomarca.com\/wordpress\/segunda\/?p=77306"},"modified":"2018-11-09T16:19:59","modified_gmt":"2018-11-09T14:19:59","slug":"ciudadanos-alerta-de-los-problemas-que-provoca-el-rediseno-del-trafico-de-alzira","status":"publish","type":"post","link":"https:\/\/www.tucomarca.com\/wordpress\/segunda\/ciudadanos-alerta-de-los-problemas-que-provoca-el-rediseno-del-trafico-de-alzira\/","title":{"rendered":"Ciudadanos alerta de los  problemas que provoca el redise\u00f1o del tr\u00e1fico de Alzira"},"content":{"rendered":"<figure id=\"attachment_77307\" aria-describedby=\"caption-attachment-77307\" style=\"width: 208px\" class=\"wp-caption alignleft\"><img loading=\"lazy\" decoding=\"async\" class=\" wp-image-77307\" src=\"https:\/\/www.tucomarca.com\/wordpress\/segunda\/wp-content\/uploads\/2018\/11\/Ciudadanos.png\" alt=\"Logotipo de Ciudadanos.\" width=\"208\" height=\"208\" srcset=\"https:\/\/www.tucomarca.com\/wordpress\/segunda\/wp-content\/uploads\/2018\/11\/Ciudadanos.png 998w, https:\/\/www.tucomarca.com\/wordpress\/segunda\/wp-content\/uploads\/2018\/11\/Ciudadanos-290x290.png 290w, https:\/\/www.tucomarca.com\/wordpress\/segunda\/wp-content\/uploads\/2018\/11\/Ciudadanos-300x300.png 300w, https:\/\/www.tucomarca.com\/wordpress\/segunda\/wp-content\/uploads\/2018\/11\/Ciudadanos-768x768.png 768w, https:\/\/www.tucomarca.com\/wordpress\/segunda\/wp-content\/uploads\/2018\/11\/Ciudadanos-50x50.png 50w\" sizes=\"auto, (max-width: 208px) 100vw, 208px\" \/><figcaption id=\"caption-attachment-77307\" class=\"wp-caption-text\">Logotipo de Ciudadanos.<\/figcaption><\/figure>\n<p>El concejal de\u00a0Ciudadanos (Cs) de Alzira, Jos\u00e9 Luis Ruiz, ha alertado de \u00ablos problemas que provoca el redise\u00f1o del tr\u00e1fico de Alzira\u00bb. El pasado pleno advirti\u00f3 que\u00a0\u201cla reestructuraci\u00f3n, sencillamente, ha trasladado los inconvenientes de unas calles a otras\u201d.\u00a0 Ruiz ha explicado que\u00a0\u201cla peatonalizaci\u00f3n del Hort dels Frares y los cambios de direcci\u00f3n en muchas de las calles de acceso al centro han provocado que todo el tr\u00e1fico sea derivado a calles que no est\u00e1n preparadas para ello\u201d.<\/p>\n<div class=\"\">\n<div class=\"WordSection1\">\n<div class=\"\"><span class=\"\">Adem\u00e1s, el concejal ha se\u00f1alado que\u00a0\u201cavenidas como Padre Pompilio, Jos\u00e9 Su\u00f1er Orovig o Vicente Vidal (esta \u00faltima ahora dividida en dos: Mestra Josefina Fern\u00e1ndez y Professora Mar\u00eda Plasencia) han dejado de ser avenidas para convertirse en circunvalaciones que recogen todo el tr\u00e1fico con las molestias correspondientes para todos los vecinos de la zona\u201d.<\/span><\/div>\n<div class=\"\"><span class=\"\">\u00a0<\/span><\/div>\n<div class=\"\"><span class=\"\">En este sentido,\u00a0\u201cDoctor Ferr\u00e1n, Figueres y calles adyacentes a Albuixarres est\u00e1n suportando un tr\u00e1fico para el que no est\u00e1n preparadas\u201d. Ruiz ha recordado que\u00a0\u201cel equipo de gobierno advert\u00eda que con la apertura de la calle Benifair\u00f3 se solucionar\u00edan estos inconvenientes, pero el tiempo ha demostrado que todo sigue igual\u201d.<\/span><\/div>\n<div class=\"\"><span class=\"\">\u00a0<\/span><\/div>\n<div class=\"\"><span class=\"\">Por \u00faltimo,\u00a0ha destacado,\u00a0\u201cotras medidas implantadas para regular la circulaci\u00f3n est\u00e1n generando malestar tambi\u00e9n a los comerciantes\u00bb. \u00abUn ejemplo de ello es la imposibilidad de girar a la izquierda en la avenida Santos Patronos con el cruce que da acceso a la Plaza Mayor y la calle Sucro\u201d, ha indicado el representante de Ciudadanos.<\/span><\/div>\n<\/div>\n<\/div>\n","protected":false},"excerpt":{"rendered":"<div class=\"mh-excerpt\">El concejal de\u00a0Ciudadanos (Cs) de Alzira, Jos\u00e9 Luis Ruiz, ha alertado de \u00ablos problemas que provoca el redise\u00f1o del tr\u00e1fico de Alzira\u00bb. El pasado pleno advirti\u00f3 que\u00a0\u201cla reestructuraci\u00f3n, sencillamente, ha trasladado los inconvenientes de unas <a class=\"mh-excerpt-more\" href=\"https:\/\/www.tucomarca.com\/wordpress\/segunda\/ciudadanos-alerta-de-los-problemas-que-provoca-el-rediseno-del-trafico-de-alzira\/\" title=\"Ciudadanos alerta de los  problemas que provoca el redise\u00f1o del tr\u00e1fico de Alzira\">[+] <\/a><\/div>\n","protected":false},"author":1,"featured_media":77307,"comment_status":"open","ping_status":"open","sticky":false,"template":"","format":"standard","meta":{"footnotes":""},"categories":[69,128,8,42,142,3],"tags":[10402,3640],"class_list":{"0":"post-77306","1":"post","2":"type-post","3":"status-publish","4":"format-standard","5":"has-post-thumbnail","7":"category-alzira","8":"category-infraestructuras","9":"category-la-comarca","10":"category-la-ribera","11":"category-politica-la-comarca","12":"category-seccion","13":"tag-alzira","14":"tag-la-ribera-alta"},"_links":{"self":[{"href":"https:\/\/www.tucomarca.com\/wordpress\/segunda\/wp-json\/wp\/v2\/posts\/77306","targetHints":{"allow":["GET"]}}],"collection":[{"href":"https:\/\/www.tucomarca.com\/wordpress\/segunda\/wp-json\/wp\/v2\/posts"}],"about":[{"href":"https:\/\/www.tucomarca.com\/wordpress\/segunda\/wp-json\/wp\/v2\/types\/post"}],"author":[{"embeddable":true,"href":"https:\/\/www.tucomarca.com\/wordpress\/segunda\/wp-json\/wp\/v2\/users\/1"}],"replies":[{"embeddable":true,"href":"https:\/\/www.tucomarca.com\/wordpress\/segunda\/wp-json\/wp\/v2\/comments?post=77306"}],"version-history":[{"count":0,"href":"https:\/\/www.tucomarca.com\/wordpress\/segunda\/wp-json\/wp\/v2\/posts\/77306\/revisions"}],"wp:featuredmedia":[{"embeddable":true,"href":"https:\/\/www.tucomarca.com\/wordpress\/segunda\/wp-json\/wp\/v2\/media\/77307"}],"wp:attachment":[{"href":"https:\/\/www.tucomarca.com\/wordpress\/segunda\/wp-json\/wp\/v2\/media?parent=77306"}],"wp:term":[{"taxonomy":"category","embeddable":true,"href":"https:\/\/www.tucomarca.com\/wordpress\/segunda\/wp-json\/wp\/v2\/categories?post=77306"},{"taxonomy":"post_tag","embeddable":true,"href":"https:\/\/www.tucomarca.com\/wordpress\/segunda\/wp-json\/wp\/v2\/tags?post=77306"}],"curies":[{"name":"wp","href":"https:\/\/api.w.org\/{rel}","templated":true}]}}