{"id":77321,"date":"2018-11-09T17:31:33","date_gmt":"2018-11-09T15:31:33","guid":{"rendered":"http:\/\/www.tucomarca.com\/wordpress\/segunda\/?p=77321"},"modified":"2018-11-09T17:31:33","modified_gmt":"2018-11-09T15:31:33","slug":"la-asociacion-de-prensa-comarcal-valenciana-se-da-cita-en-sueca","status":"publish","type":"post","link":"https:\/\/www.tucomarca.com\/wordpress\/segunda\/la-asociacion-de-prensa-comarcal-valenciana-se-da-cita-en-sueca\/","title":{"rendered":"La Asociaci\u00f3n de Prensa Comarcal Valenciana se da cita en Sueca"},"content":{"rendered":"<figure id=\"attachment_77314\" aria-describedby=\"caption-attachment-77314\" style=\"width: 322px\" class=\"wp-caption alignleft\"><img loading=\"lazy\" decoding=\"async\" class=\" wp-image-77314\" src=\"https:\/\/www.tucomarca.com\/wordpress\/segunda\/wp-content\/uploads\/2018\/11\/IMG_5953.jpg\" alt=\"L'alcaldessa de Sueca i regidors junt al president de l'associaci\u00f3.\" width=\"322\" height=\"215\" srcset=\"https:\/\/www.tucomarca.com\/wordpress\/segunda\/wp-content\/uploads\/2018\/11\/IMG_5953.jpg 4272w, https:\/\/www.tucomarca.com\/wordpress\/segunda\/wp-content\/uploads\/2018\/11\/IMG_5953-300x200.jpg 300w, https:\/\/www.tucomarca.com\/wordpress\/segunda\/wp-content\/uploads\/2018\/11\/IMG_5953-768x512.jpg 768w, https:\/\/www.tucomarca.com\/wordpress\/segunda\/wp-content\/uploads\/2018\/11\/IMG_5953-1024x683.jpg 1024w\" sizes=\"auto, (max-width: 322px) 100vw, 322px\" \/><figcaption id=\"caption-attachment-77314\" class=\"wp-caption-text\">La alcaldesa de Sueca y concejales junto al presidente de la asociaci\u00f3n.<\/figcaption><\/figure>\n<p><b>El colectivo celebra en\u00a0la capital\u00a0de La Ribera\u00a0su asamblea general itinerante\u00a0<\/b><\/p>\n<p>Los trece peri\u00f3dicos locales y comarcales que constituyen la Asociaci\u00f3n de la Prensa Comarcal Valenciana han celebrado este martes, 6 de noviembre, su asamblea general en las instalaciones del casino del Ateneo Sueco del Socorro, en Sueca, con la colabraci\u00f3n del consistorio suecano. Esta vez los anfitriones de esta asamblea itinerante fueron el peri\u00f3dico local Suheca.com y la revista Estilo. La reuni\u00f3n estuvo presidida por Ram\u00f3n Climent, presidente del colectivo.<\/p>\n<p>La alcaldesa de Sueca asisti\u00f3 tambi\u00e9n a la primera parte del encuentro. La m\u00e1xima autoridad local reafirm\u00f3 su apoyo a la \u00abprensa de proximidad\u00bb, la colaboraci\u00f3n directa que mantiene el Ayuntamiento de Sueca con los medios de alcance local y comarcal, entre otros, y su respeto por el papel que desarrolla en la informaci\u00f3n de la poblaci\u00f3n y en el fomento y la promoci\u00f3n de la lengua.<\/p>\n<p>A su vez, Isabel Jim\u00e9nez, concejala de Comunicaci\u00f3n en el Ayuntamiento de Sueca, quien se reconoci\u00f3 buena conocedora de la realidad medi\u00e1tica valenciana, por su formaci\u00f3n y experiencia, felicit\u00f3 al colectivo por su labor y convidar- a seguir haciendo trabajo en red. El edil consider\u00f3 que un foro como \u00e9ste, para compartir experiencias y aprendizajes, s\u00f3lo puede contribuir a enriquecer nuestro panorama comunicativo.<\/p>\n<p>El concejal de Cultura, Vicente Baldov\u00ed, y la diputada provincial de Turismo, Pilar Moncho, tambi\u00e9n participaron en el acto de bienvenida a la agrupaci\u00f3n.<\/p>\n<p>La asamblea en Sueca sirvi\u00f3 para informar de la situaci\u00f3n econ\u00f3mica de la entidad y de los pr\u00f3ximos proyectos para consolidar la marca de la &#8216;Prensa Comarcal Valenciana&#8217;. Despu\u00e9s de la ma\u00f1ana de trabajo, la delegaci\u00f3n de periodistas conoci\u00f3 el emblem\u00e1tico paraje de la Muntanyeta de los Santos y degustaron una paella elaborada con los ingredientes de la receta oficial del concurso de Sueca. El primer teniente de alcalde y concejal de Agricultura, Salvador Campillo, despidi\u00f3 a los asistentes obsequi\u00e1ndoles con unos saquitos de arroz y publicaciones relacionadas con la ciudad.<\/p>\n","protected":false},"excerpt":{"rendered":"<div class=\"mh-excerpt\">El colectivo celebra en\u00a0la capital\u00a0de La Ribera\u00a0su asamblea general itinerante\u00a0 Los trece peri\u00f3dicos locales y comarcales que constituyen la Asociaci\u00f3n de la Prensa Comarcal Valenciana han celebrado este martes, 6 de noviembre, su asamblea general <a class=\"mh-excerpt-more\" href=\"https:\/\/www.tucomarca.com\/wordpress\/segunda\/la-asociacion-de-prensa-comarcal-valenciana-se-da-cita-en-sueca\/\" title=\"La Asociaci\u00f3n de Prensa Comarcal Valenciana se da cita en Sueca\">[+] <\/a><\/div>\n","protected":false},"author":2,"featured_media":77315,"comment_status":"open","ping_status":"open","sticky":false,"template":"","format":"standard","meta":{"footnotes":""},"categories":[8,72,142,3],"tags":[11331,11332],"class_list":{"0":"post-77321","1":"post","2":"type-post","3":"status-publish","4":"format-standard","5":"has-post-thumbnail","7":"category-la-comarca","8":"category-sin-categorizar","9":"category-politica-la-comarca","10":"category-seccion","11":"tag-ajuntament-de-sueca-2","12":"tag-associacio-de-premsa-comarcal-2"},"_links":{"self":[{"href":"https:\/\/www.tucomarca.com\/wordpress\/segunda\/wp-json\/wp\/v2\/posts\/77321","targetHints":{"allow":["GET"]}}],"collection":[{"href":"https:\/\/www.tucomarca.com\/wordpress\/segunda\/wp-json\/wp\/v2\/posts"}],"about":[{"href":"https:\/\/www.tucomarca.com\/wordpress\/segunda\/wp-json\/wp\/v2\/types\/post"}],"author":[{"embeddable":true,"href":"https:\/\/www.tucomarca.com\/wordpress\/segunda\/wp-json\/wp\/v2\/users\/2"}],"replies":[{"embeddable":true,"href":"https:\/\/www.tucomarca.com\/wordpress\/segunda\/wp-json\/wp\/v2\/comments?post=77321"}],"version-history":[{"count":0,"href":"https:\/\/www.tucomarca.com\/wordpress\/segunda\/wp-json\/wp\/v2\/posts\/77321\/revisions"}],"wp:featuredmedia":[{"embeddable":true,"href":"https:\/\/www.tucomarca.com\/wordpress\/segunda\/wp-json\/wp\/v2\/media\/77315"}],"wp:attachment":[{"href":"https:\/\/www.tucomarca.com\/wordpress\/segunda\/wp-json\/wp\/v2\/media?parent=77321"}],"wp:term":[{"taxonomy":"category","embeddable":true,"href":"https:\/\/www.tucomarca.com\/wordpress\/segunda\/wp-json\/wp\/v2\/categories?post=77321"},{"taxonomy":"post_tag","embeddable":true,"href":"https:\/\/www.tucomarca.com\/wordpress\/segunda\/wp-json\/wp\/v2\/tags?post=77321"}],"curies":[{"name":"wp","href":"https:\/\/api.w.org\/{rel}","templated":true}]}}