{"id":77324,"date":"2018-11-10T04:41:44","date_gmt":"2018-11-10T02:41:44","guid":{"rendered":"http:\/\/www.tucomarca.com\/wordpress\/segunda\/?p=77324"},"modified":"2018-11-10T04:41:44","modified_gmt":"2018-11-10T02:41:44","slug":"el-circuit-ricardo-tormo-rendira-tributo-a-dani-pedrosa-en-el-gran-premio-de-la-comunitat","status":"publish","type":"post","link":"https:\/\/www.tucomarca.com\/wordpress\/segunda\/el-circuit-ricardo-tormo-rendira-tributo-a-dani-pedrosa-en-el-gran-premio-de-la-comunitat\/","title":{"rendered":"El Circuit Ricardo Tormo rendir\u00e1 tributo a Dani Pedrosa en el Gran Premio de la Comunitat"},"content":{"rendered":"<figure id=\"attachment_77325\" aria-describedby=\"caption-attachment-77325\" style=\"width: 445px\" class=\"wp-caption alignleft\"><img loading=\"lazy\" decoding=\"async\" class=\" wp-image-77325\" src=\"https:\/\/www.tucomarca.com\/wordpress\/segunda\/wp-content\/uploads\/2018\/11\/Granpremio2016.jpg\" alt=\"El Circuit Ricardo Tormo retr\u00e0 tribut a Dani Pedrosa en el Gran Premi.\" width=\"445\" height=\"297\" srcset=\"https:\/\/www.tucomarca.com\/wordpress\/segunda\/wp-content\/uploads\/2018\/11\/Granpremio2016.jpg 1393w, https:\/\/www.tucomarca.com\/wordpress\/segunda\/wp-content\/uploads\/2018\/11\/Granpremio2016-300x200.jpg 300w, https:\/\/www.tucomarca.com\/wordpress\/segunda\/wp-content\/uploads\/2018\/11\/Granpremio2016-768x512.jpg 768w, https:\/\/www.tucomarca.com\/wordpress\/segunda\/wp-content\/uploads\/2018\/11\/Granpremio2016-1024x683.jpg 1024w\" sizes=\"auto, (max-width: 445px) 100vw, 445px\" \/><figcaption id=\"caption-attachment-77325\" class=\"wp-caption-text\">El Circuit Ricardo Tormo\u00a0rendir\u00e1 tributo\u00a0a Dani Pedrosa en el Gran Premio.<\/figcaption><\/figure>\n<p>El Circuit Ricardo Tormo ha presentado la veinte\u00a0edici\u00f3n del Gran Premio Motul de la Comunitat Valenciana en Alicante en un acto celebrado en el Ayuntamiento de la ciudad, al que han acudido el director del Circuit Ricardo Tormo, Gonzalo Gobert; la concejala de Deportes del Ayuntamiento de Alicante, Marisa Gayo; y el presidente de la Federaci\u00f3n de Motociclismo de la Comunitat Valenciana, Carmelo Fern\u00e1ndez.<\/p>\n<p>El plano deportivo lo han protagonizado los tres pilotos valencianos que disputan el Mundial en la categor\u00eda de Moto3, Ar\u00f3n Canet (Estrella Galicia 0&#8217;0 &#8211; Marc VDS), Vicente P\u00e9rez (Avintia Racing) y Jaume Masi\u00e0 (Bester Capital Dubai).<\/p>\n<p>El director general del Circuit, Gonzalo Gobert, ha anunciado los homenajes que se realizar\u00e1n al piloto Dani Pedrosa y al que fuera uno de los hombres clave para la construcci\u00f3n del Circuit, el expresidente de la Federaci\u00f3n de Motociclismo de la Comunitat Valenciana, Salvador Gasc\u00f3n.<\/p>\n<p>El piloto del Repsol Honda Team recibir\u00e1 de parte del Circuit una placa conmemorativa no solo como reconocimiento a su trayectoria deportiva, sino tambi\u00e9n por ser el piloto que m\u00e1s victorias ha conseguido en el trazado valenciano. La entrega se realizar\u00e1 el jueves 15 de noviembre a las 16.00 horas, momento en el que tambi\u00e9n ser\u00e1 nombrado Leyenda de MotoGP.<\/p>\n<p>Salvador Gasc\u00f3n, fallecido el pasado mes de octubre, fue presidente de la Federaci\u00f3n de Motociclismo de la Comunitat Valenciana durante 27 a\u00f1os y fue uno de los impulsores de la construcci\u00f3n del Circuit Ricardo Tormo adem\u00e1s de un gran apoyo para muchos pilotos valencianos como el propio Ricardo Tormo.<\/p>\n<p>Otro de los puntos centrales de esta presentaci\u00f3n ha sido la explicaci\u00f3n con un v\u00eddeo animado de los nuevos accesos que el p\u00fablico deber\u00e1 tomar para dirigirse al Circuit durante el fin de semana. El Circuit Ricardo Tormo ha habilitado en su p\u00e1gina web un apartado espec\u00edfico de estos nuevos accesos con el objetivo de ofrecer las mayores facilidades posibles. Adem\u00e1s, por redes sociales con la etiqueta #AccesosGP, todos los internautas pueden resolver sus dudas con las cuentas oficiales del Circuit, con las que est\u00e1n informados en directo sobre las \u00faltimas novedades.<\/p>\n<p>Toda la informaci\u00f3n sobre los accesos al Gran Premio se puede consultar en la web del Circuit:\u00a0https:\/\/www.circuitricardotormo.com\/accesos-gp\/<\/p>\n<p><b>M\u00e1s de 8.000 aficionados alicantinos<\/b><\/p>\n<p>\u00abEste no es solo el Gran Premio de Val\u00e8ncia, o de Cheste, este es el Gran Premio de la Comunitat Valenciana y desde el Circuit lo queremos compartir con todos; especialmente con Alicante, desde donde llegan alrededor de 8.000 aficionados cada a\u00f1o a las gradas del Circuit. Los alicantinos no solo son protagonistas en las gradas, sino que lo han sido en muchas ocasiones en la pista, como, por ejemplo, con pilotos como Nico Terol o Batiste Borja\u00bb, ha declarado el director del Circuit Ricardo Tormo, Gonzalo Gobert.<\/p>\n<p>La concejala de Deportes del Ayuntamiento de Alicante, Marisa Gayo, ha agradecido el esfuerzo del Circuit \u00abpor compartir la celebraci\u00f3n de su gran momento en el calendario con la ciudadan\u00eda de toda la Comunitat Valenciana\u00bb.<\/p>\n<p>Alicante tambi\u00e9n cuenta con una hist\u00f3rica tradici\u00f3n motociclista. Durante los a\u00f1os 60 y 70, en la provincia se celebraron carreras tanto nacionales como internacionales en las que participaron pilotos tan laureados como \u00c1ngel Nieto, Giacomo Agostini, Phil Read o Barry Sheene.<\/p>\n<p>Por su parte, el piloto de Algemes\u00ed Jaume Masi\u00e0 ha expresado su convencimiento de \u00abpoder correr por primera vez el Gran Premio en casa\u00bb pese a la lesi\u00f3n en el tobillo derecho que arrastra desde el Gran Premio de Australia.<\/p>\n<p>El piloto de Avitia Racing Vicente P\u00e9rez afronta su segundo Gran Premio \u00aben casa, delante de mi gente y sin presi\u00f3n, pero con ganas de seguir sumando puntos y experiencia\u00bb.<\/p>\n<p>Ar\u00f3n Canet, que ya sabe lo que es ganar carreras de la categor\u00eda de Moto3, ha indicado que \u00abeste ser\u00e1 un Gran Premio especial en el que espero hacerlo muy bien y conseguir luchar por el podio e incluso por la victoria antes de iniciar una nueva etapa en mi carrera deportiva\u00bb.<\/p>\n","protected":false},"excerpt":{"rendered":"<div class=\"mh-excerpt\">El Circuit Ricardo Tormo ha presentado la veinte\u00a0edici\u00f3n del Gran Premio Motul de la Comunitat Valenciana en Alicante en un acto celebrado en el Ayuntamiento de la ciudad, al que han acudido el director del <a class=\"mh-excerpt-more\" href=\"https:\/\/www.tucomarca.com\/wordpress\/segunda\/el-circuit-ricardo-tormo-rendira-tributo-a-dani-pedrosa-en-el-gran-premio-de-la-comunitat\/\" title=\"El Circuit Ricardo Tormo rendir\u00e1 tributo a Dani Pedrosa en el Gran Premio de la Comunitat\">[+] <\/a><\/div>\n","protected":false},"author":1,"featured_media":77325,"comment_status":"open","ping_status":"open","sticky":false,"template":"","format":"standard","meta":{"footnotes":""},"categories":[17,6,10,91,3,45],"tags":[339,621,11111],"class_list":{"0":"post-77324","1":"post","2":"type-post","3":"status-publish","4":"format-standard","5":"has-post-thumbnail","7":"category-cheste","8":"category-deportes","9":"category-la-hoya","10":"category-motociclismo","11":"category-seccion","12":"category-ventana","13":"tag-cheste-2","14":"tag-circuit","15":"tag-xest-2"},"_links":{"self":[{"href":"https:\/\/www.tucomarca.com\/wordpress\/segunda\/wp-json\/wp\/v2\/posts\/77324","targetHints":{"allow":["GET"]}}],"collection":[{"href":"https:\/\/www.tucomarca.com\/wordpress\/segunda\/wp-json\/wp\/v2\/posts"}],"about":[{"href":"https:\/\/www.tucomarca.com\/wordpress\/segunda\/wp-json\/wp\/v2\/types\/post"}],"author":[{"embeddable":true,"href":"https:\/\/www.tucomarca.com\/wordpress\/segunda\/wp-json\/wp\/v2\/users\/1"}],"replies":[{"embeddable":true,"href":"https:\/\/www.tucomarca.com\/wordpress\/segunda\/wp-json\/wp\/v2\/comments?post=77324"}],"version-history":[{"count":0,"href":"https:\/\/www.tucomarca.com\/wordpress\/segunda\/wp-json\/wp\/v2\/posts\/77324\/revisions"}],"wp:featuredmedia":[{"embeddable":true,"href":"https:\/\/www.tucomarca.com\/wordpress\/segunda\/wp-json\/wp\/v2\/media\/77325"}],"wp:attachment":[{"href":"https:\/\/www.tucomarca.com\/wordpress\/segunda\/wp-json\/wp\/v2\/media?parent=77324"}],"wp:term":[{"taxonomy":"category","embeddable":true,"href":"https:\/\/www.tucomarca.com\/wordpress\/segunda\/wp-json\/wp\/v2\/categories?post=77324"},{"taxonomy":"post_tag","embeddable":true,"href":"https:\/\/www.tucomarca.com\/wordpress\/segunda\/wp-json\/wp\/v2\/tags?post=77324"}],"curies":[{"name":"wp","href":"https:\/\/api.w.org\/{rel}","templated":true}]}}