{"id":77355,"date":"2018-11-09T18:01:09","date_gmt":"2018-11-09T16:01:09","guid":{"rendered":"http:\/\/www.tucomarca.com\/wordpress\/segunda\/?p=77355"},"modified":"2018-11-09T18:01:09","modified_gmt":"2018-11-09T16:01:09","slug":"el-pp-califica-de-grotesca-e-insuficiente-la-respuesta-del-consell-con-las-ayudas-por-el-pedrisco-en-la-ribera","status":"publish","type":"post","link":"https:\/\/www.tucomarca.com\/wordpress\/segunda\/el-pp-califica-de-grotesca-e-insuficiente-la-respuesta-del-consell-con-las-ayudas-por-el-pedrisco-en-la-ribera\/","title":{"rendered":"El PP califica de \u201cgrotesca e insuficiente\u201d la respuesta del Consell con las ayudas por el pedrisco en La Ribera"},"content":{"rendered":"<figure id=\"attachment_77356\" aria-describedby=\"caption-attachment-77356\" style=\"width: 282px\" class=\"wp-caption alignleft\"><img loading=\"lazy\" decoding=\"async\" class=\" wp-image-77356\" src=\"https:\/\/www.tucomarca.com\/wordpress\/segunda\/wp-content\/uploads\/2018\/11\/JoseRamonCalpe.jpg\" alt=\"El portavoz de Agricultura del Grupo Popular en Les Corts, Jos\u00e9 Ram\u00f3n Calpe.\" width=\"282\" height=\"200\" srcset=\"https:\/\/www.tucomarca.com\/wordpress\/segunda\/wp-content\/uploads\/2018\/11\/JoseRamonCalpe.jpg 2048w, https:\/\/www.tucomarca.com\/wordpress\/segunda\/wp-content\/uploads\/2018\/11\/JoseRamonCalpe-300x213.jpg 300w, https:\/\/www.tucomarca.com\/wordpress\/segunda\/wp-content\/uploads\/2018\/11\/JoseRamonCalpe-768x544.jpg 768w, https:\/\/www.tucomarca.com\/wordpress\/segunda\/wp-content\/uploads\/2018\/11\/JoseRamonCalpe-1024x726.jpg 1024w\" sizes=\"auto, (max-width: 282px) 100vw, 282px\" \/><figcaption id=\"caption-attachment-77356\" class=\"wp-caption-text\">El portavoz de Agricultura del Grupo Popular en Les Corts, Jos\u00e9 Ram\u00f3n Calpe.<\/figcaption><\/figure>\n<p>El portavoz de Agricultura del Grupo Popular en Les Corts, Jos\u00e9 Ram\u00f3n Calpe, ha calificado de \u201cgrotesca e insuficiente\u201d la respuesta del Consell a los propietarios de las explotaciones agrarias afectadas por el pedrisco del pasado mes de julio tras la aprobaci\u00f3n hoy de un l\u00ednea de empleo.<\/p>\n<p>\u201cPuig anunci\u00f3 ayudas para compensar los efectos de las incidencias clim\u00e1ticas pero ha vuelto a mentir al olvidarse de los agricultores de La Ribera cuyas producciones de caquis y c\u00edtricos han quedado arrasadas al excluirlos de esas ayudas especiales\u201d, ha se\u00f1alado.<\/p>\n<p>Calpe ha indicado que \u201cel Consell deber\u00eda ahora habilitar otro plan espec\u00edfico de apoyo para colaborar econ\u00f3micamente con los agricultores en los gastos suplementarios para recuperar sus explotaciones\u201d.<\/p>\n<p>Jos\u00e9 Ram\u00f3n Calpe ha explicado que \u201cla l\u00ednea de ayudas aprobada hoy por valor de tres millones de euros es insuficiente porque solo cubre la contrataci\u00f3n a trav\u00e9s de los ayuntamientos de aquellas personas que se han quedado sin trabajo en el campo a causa de la p\u00e9rdida de cosecha por el pedrisco. Pero es una l\u00ednea de econom\u00eda, no de agricultura. Se olvidan de la prometida l\u00ednea de ayudas para la retirada de fruta da\u00f1ada y de la regeneraci\u00f3n de los da\u00f1os en las infraestructuras agrarias afectadas por los episodios de pedrisco\u201d.<\/p>\n<p>El portavoz popular ha se\u00f1alado que \u201cvamos a presentar una iniciativa para solicitar ayudas directas al agricultor. Algunas de estas ayudas concretas que s\u00ed repercutir\u00edan directamente son completar las indemnizaciones del seguro para cubrir el 100% del da\u00f1o, establecer ayudas para cubrir da\u00f1os no asegurables o p\u00e9rdidas de la cosecha de ejercicios posteriores, subvencionar pr\u00e9stamos y facilitar moratorias. Tambi\u00e9n el gobierno central deber\u00eda colaborar o establecer alguna medida concreta como establecer el tipo 0 en el IRPF, eximir o subvencionar cuotas de la Seguridad Social, especialmente para aut\u00f3nomos, o la posible condonaci\u00f3n del IBI de r\u00fastica. Son medidas concretas, de f\u00e1cil aplicaci\u00f3n que ayudar\u00edan de verdad a paliar los da\u00f1os sufridos por los afectados\u201d.<\/p>\n<p>Calpe ha manifestado que \u201clo que no es de recibo es que el gobierno socialista de S\u00e1nchez mire hacia otro lado. Es un sarcasmo que el gobierno central, cuatro meses despu\u00e9s, diga a estas alturas que no tiene constancia de esos da\u00f1os porque no se lo han comunicado los ayuntamientos. Es lamentable\u201d.<\/p>\n","protected":false},"excerpt":{"rendered":"<div class=\"mh-excerpt\">El portavoz de Agricultura del Grupo Popular en Les Corts, Jos\u00e9 Ram\u00f3n Calpe, ha calificado de \u201cgrotesca e insuficiente\u201d la respuesta del Consell a los propietarios de las explotaciones agrarias afectadas por el pedrisco del <a class=\"mh-excerpt-more\" href=\"https:\/\/www.tucomarca.com\/wordpress\/segunda\/el-pp-califica-de-grotesca-e-insuficiente-la-respuesta-del-consell-con-las-ayudas-por-el-pedrisco-en-la-ribera\/\" title=\"El PP califica de \u201cgrotesca e insuficiente\u201d la respuesta del Consell con las ayudas por el pedrisco en La Ribera\">[+] <\/a><\/div>\n","protected":false},"author":1,"featured_media":77356,"comment_status":"open","ping_status":"open","sticky":false,"template":"","format":"standard","meta":{"footnotes":""},"categories":[169,128,8,72,42,142,3,116,45],"tags":[689],"class_list":{"0":"post-77355","1":"post","2":"type-post","3":"status-publish","4":"format-standard","5":"has-post-thumbnail","7":"category-agricultura-la-comarca","8":"category-infraestructuras","9":"category-la-comarca","10":"category-sin-categorizar","11":"category-la-ribera","12":"category-politica-la-comarca","13":"category-seccion","14":"category-sucesos-la-comarca","15":"category-ventana","16":"tag-la-ribera-2"},"_links":{"self":[{"href":"https:\/\/www.tucomarca.com\/wordpress\/segunda\/wp-json\/wp\/v2\/posts\/77355","targetHints":{"allow":["GET"]}}],"collection":[{"href":"https:\/\/www.tucomarca.com\/wordpress\/segunda\/wp-json\/wp\/v2\/posts"}],"about":[{"href":"https:\/\/www.tucomarca.com\/wordpress\/segunda\/wp-json\/wp\/v2\/types\/post"}],"author":[{"embeddable":true,"href":"https:\/\/www.tucomarca.com\/wordpress\/segunda\/wp-json\/wp\/v2\/users\/1"}],"replies":[{"embeddable":true,"href":"https:\/\/www.tucomarca.com\/wordpress\/segunda\/wp-json\/wp\/v2\/comments?post=77355"}],"version-history":[{"count":0,"href":"https:\/\/www.tucomarca.com\/wordpress\/segunda\/wp-json\/wp\/v2\/posts\/77355\/revisions"}],"wp:featuredmedia":[{"embeddable":true,"href":"https:\/\/www.tucomarca.com\/wordpress\/segunda\/wp-json\/wp\/v2\/media\/77356"}],"wp:attachment":[{"href":"https:\/\/www.tucomarca.com\/wordpress\/segunda\/wp-json\/wp\/v2\/media?parent=77355"}],"wp:term":[{"taxonomy":"category","embeddable":true,"href":"https:\/\/www.tucomarca.com\/wordpress\/segunda\/wp-json\/wp\/v2\/categories?post=77355"},{"taxonomy":"post_tag","embeddable":true,"href":"https:\/\/www.tucomarca.com\/wordpress\/segunda\/wp-json\/wp\/v2\/tags?post=77355"}],"curies":[{"name":"wp","href":"https:\/\/api.w.org\/{rel}","templated":true}]}}