{"id":77360,"date":"2018-11-10T04:44:14","date_gmt":"2018-11-10T02:44:14","guid":{"rendered":"http:\/\/www.tucomarca.com\/wordpress\/segunda\/?p=77360"},"modified":"2018-11-10T04:44:14","modified_gmt":"2018-11-10T02:44:14","slug":"cheste-participa-en-un-proyecto-europeo-que-persigue-conectar-a-la-ciudadania-de-diferentes-paises-y-frenar-el-euroesceptiscismo","status":"publish","type":"post","link":"https:\/\/www.tucomarca.com\/wordpress\/segunda\/cheste-participa-en-un-proyecto-europeo-que-persigue-conectar-a-la-ciudadania-de-diferentes-paises-y-frenar-el-euroesceptiscismo\/","title":{"rendered":"Cheste participa en un proyecto europeo que persigue conectar a la ciudadan\u00eda de diferentes pa\u00edses y frenar el euroesceptiscismo"},"content":{"rendered":"<div class=\"\">\n<figure id=\"attachment_77364\" aria-describedby=\"caption-attachment-77364\" style=\"width: 305px\" class=\"wp-caption alignleft\"><img loading=\"lazy\" decoding=\"async\" class=\" wp-image-77364\" src=\"https:\/\/www.tucomarca.com\/wordpress\/segunda\/wp-content\/uploads\/2018\/11\/ProyectoEuropeoRumania.jpg\" alt=\"Los pr\u00f3ximos encuentros se ir\u00e1n celebrado durante 2019 en las diferentes poblaciones participantes en el proyecto.\" width=\"305\" height=\"172\" srcset=\"https:\/\/www.tucomarca.com\/wordpress\/segunda\/wp-content\/uploads\/2018\/11\/ProyectoEuropeoRumania.jpg 4128w, https:\/\/www.tucomarca.com\/wordpress\/segunda\/wp-content\/uploads\/2018\/11\/ProyectoEuropeoRumania-300x169.jpg 300w, https:\/\/www.tucomarca.com\/wordpress\/segunda\/wp-content\/uploads\/2018\/11\/ProyectoEuropeoRumania-768x432.jpg 768w, https:\/\/www.tucomarca.com\/wordpress\/segunda\/wp-content\/uploads\/2018\/11\/ProyectoEuropeoRumania-1024x576.jpg 1024w\" sizes=\"auto, (max-width: 305px) 100vw, 305px\" \/><figcaption id=\"caption-attachment-77364\" class=\"wp-caption-text\">Los pr\u00f3ximos encuentros se ir\u00e1n celebrado durante 2019 en las diferentes poblaciones participantes en el proyecto.<\/figcaption><\/figure>\n<p><span class=\"\">Una delegaci\u00f3n de Cheste est\u00e1 participando en un proyecto europeo de largo recorrido enmarcado dentro del programa \u201cEuropa para los ciudadanos y ciudadanas\u201d, a propuesta de la concejal\u00eda de Bienestar Social del Ayuntamiento, a cargo de M\u00aa \u00c1ngeles Llorente. Bajo el lema \u201cViejos problemas, nuevas soluciones\u201d, representantes de siete poblaciones europeas trabajan para poner en marcha iniciativas capaces de combatir el euroescepticismo. Estas ciudades son Cheste (Espa\u00f1a), Alimos (Grecia), San Cassiano (Italia), Lisboa (Portugal),\u00a0 Gharb (Malta), Novo Mesto (Eslovenia) e Ia\u0219i (Ruman\u00eda).<\/span><\/p>\n<p><span class=\"\">Al primer encuentro del proyecto, celebrado recientemente en la ciudad de Ia\u0219i, asistieron cuatro chestanos: Desir\u00e9 Cort\u00e9s, en representaci\u00f3n del Centro de Formaci\u00f3n de Personas Adultas; Rom\u00e1n S\u00e1ez, educador social del Ayuntamiento; Jos\u00e9 Casas, por parte de la Fundaci\u00f3n cajacheste y Laura Cub\u00ed, directora de la escuela de m\u00fasica de la Asociaci\u00f3n Musical La Lira. Durante tres d\u00edas se han celebrado diferentes sesiones de trabajo para crear una red de cooperaci\u00f3n sostenible entre los pa\u00edses y una estrategia de actuaci\u00f3n, con objetivos como remitir algunas ideas negativas acerca de la UE extendidas entre la poblaci\u00f3n y crear consciencia sobre los procesos de toma de decisiones.<\/span><\/p>\n<\/div>\n<div class=\"\"><span class=\"\">Los participantes de cada poblaci\u00f3n tuvieron la oportunidad de presentar a la entidad a de la que forman parte y exponer las labores que realizan para la poblaci\u00f3n. Adem\u00e1s, los cuatro representantes de Cheste destacaron que este primer encuentro ha supuesto \u201cuna gran oportunidad para compartir experiencias e informaci\u00f3n entre pa\u00edses que pueda servir para poner en marcha nuevas iniciativas en la poblaci\u00f3n\u201d.<\/span><\/div>\n<div class=\"\"><\/div>\n<div class=\"\"><span class=\"\">Rom\u00e1n S\u00e1ez valoraba el encuentro como \u201cmuy \u00fatil para conseguir crear un canal de comunicaci\u00f3n bidireccional en el que los ciudadanos puedan expresar cu\u00e1l es su idea de la Uni\u00f3n Europea, qu\u00e9 esperan de ella o qu\u00e9 necesidades tienen y, a la vez, recibir informaci\u00f3n \u00fatil y ver\u00eddica sobre los objetivos y el trabajo que se realiza en su seno\u201d.<\/span><\/div>\n<div class=\"\"><\/div>\n<div class=\"\"><span class=\"\">\u201cHemos podido hacer numerosos contactos y ya hemos empezado a fraguar algunas nuevas iniciativas interculturales entre pa\u00edses al margen del proyecto; tambi\u00e9n hemos descubierto cantidad de proyectos europeos e incluso organismos de la UE que tienen oficina en Valencia y que desconoc\u00edamos\u201d, destacaba Laura Cub\u00ed.<\/span><\/div>\n<div class=\"\"><\/div>\n<div class=\"\"><span class=\"\">Por su parte, Desir\u00e9 Cort\u00e9s pon\u00eda el acento en las posibilidades que pueden tener \u201cla movilizaci\u00f3n de profesorado y alumnado para participar en las diferentes iniciativas y proyectos que vayan surgiendo\u201d y Jos\u00e9 Casas destacaba la importancia de trabajar en este proyecto \u201cpara tener informaci\u00f3n de primera mano sobre v\u00edas de financiaci\u00f3n europea y subvenciones e incluso para firmar convenios\u201d.<\/span><\/div>\n<div class=\"\"><\/div>\n<div class=\"\"><span class=\"\">Los pr\u00f3ximos encuentros se ir\u00e1n celebrado durante 2019 en las diferentes poblaciones participantes en el proyecto, siendo Cheste la que recibir\u00e1 al resto de pa\u00edses en noviembre del a\u00f1o que viene.<\/span><\/div>\n<div class=\"\"><\/div>\n<div class=\"\"><span class=\"\">\u201cSurgi\u00f3 la posibilidad de que Cheste participara en este proyecto europeo, totalmente subvencionado, con muy poco margen de tiempo. Contact\u00e9 con diferentes perfiles que sab\u00eda que podr\u00edan exprimir al m\u00e1ximo esta oportunidad y su respuesta fue fabulosa, as\u00ed que nos pusimos a trabajar para llevar nuestra participaci\u00f3n\u201d, apuntaba la concejala.\u00a0<\/span><\/div>\n","protected":false},"excerpt":{"rendered":"<div class=\"mh-excerpt\">Una delegaci\u00f3n de Cheste est\u00e1 participando en un proyecto europeo de largo recorrido enmarcado dentro del programa \u201cEuropa para los ciudadanos y ciudadanas\u201d, a propuesta de la concejal\u00eda de Bienestar Social del Ayuntamiento, a cargo <a class=\"mh-excerpt-more\" href=\"https:\/\/www.tucomarca.com\/wordpress\/segunda\/cheste-participa-en-un-proyecto-europeo-que-persigue-conectar-a-la-ciudadania-de-diferentes-paises-y-frenar-el-euroesceptiscismo\/\" title=\"Cheste participa en un proyecto europeo que persigue conectar a la ciudadan\u00eda de diferentes pa\u00edses y frenar el euroesceptiscismo\">[+] <\/a><\/div>\n","protected":false},"author":2,"featured_media":77364,"comment_status":"open","ping_status":"open","sticky":false,"template":"","format":"standard","meta":{"footnotes":""},"categories":[17,8,10,3,45],"tags":[10470,5952],"class_list":{"0":"post-77360","1":"post","2":"type-post","3":"status-publish","4":"format-standard","5":"has-post-thumbnail","7":"category-cheste","8":"category-la-comarca","9":"category-la-hoya","10":"category-seccion","11":"category-ventana","12":"tag-ayuntamiento-de-cheste","13":"tag-la-hoya-de-bunol-chiva"},"_links":{"self":[{"href":"https:\/\/www.tucomarca.com\/wordpress\/segunda\/wp-json\/wp\/v2\/posts\/77360","targetHints":{"allow":["GET"]}}],"collection":[{"href":"https:\/\/www.tucomarca.com\/wordpress\/segunda\/wp-json\/wp\/v2\/posts"}],"about":[{"href":"https:\/\/www.tucomarca.com\/wordpress\/segunda\/wp-json\/wp\/v2\/types\/post"}],"author":[{"embeddable":true,"href":"https:\/\/www.tucomarca.com\/wordpress\/segunda\/wp-json\/wp\/v2\/users\/2"}],"replies":[{"embeddable":true,"href":"https:\/\/www.tucomarca.com\/wordpress\/segunda\/wp-json\/wp\/v2\/comments?post=77360"}],"version-history":[{"count":0,"href":"https:\/\/www.tucomarca.com\/wordpress\/segunda\/wp-json\/wp\/v2\/posts\/77360\/revisions"}],"wp:featuredmedia":[{"embeddable":true,"href":"https:\/\/www.tucomarca.com\/wordpress\/segunda\/wp-json\/wp\/v2\/media\/77364"}],"wp:attachment":[{"href":"https:\/\/www.tucomarca.com\/wordpress\/segunda\/wp-json\/wp\/v2\/media?parent=77360"}],"wp:term":[{"taxonomy":"category","embeddable":true,"href":"https:\/\/www.tucomarca.com\/wordpress\/segunda\/wp-json\/wp\/v2\/categories?post=77360"},{"taxonomy":"post_tag","embeddable":true,"href":"https:\/\/www.tucomarca.com\/wordpress\/segunda\/wp-json\/wp\/v2\/tags?post=77360"}],"curies":[{"name":"wp","href":"https:\/\/api.w.org\/{rel}","templated":true}]}}