{"id":77379,"date":"2018-11-09T18:42:30","date_gmt":"2018-11-09T16:42:30","guid":{"rendered":"http:\/\/www.tucomarca.com\/wordpress\/segunda\/?p=77379"},"modified":"2018-11-09T18:42:30","modified_gmt":"2018-11-09T16:42:30","slug":"csif-alerta-de-la-falta-de-la-mitad-de-la-plantilla-de-la-oficina-estatal-de-empleo-en-requena-al-no-cubrir-vacantes-y-baja","status":"publish","type":"post","link":"https:\/\/www.tucomarca.com\/wordpress\/segunda\/csif-alerta-de-la-falta-de-la-mitad-de-la-plantilla-de-la-oficina-estatal-de-empleo-en-requena-al-no-cubrir-vacantes-y-baja\/","title":{"rendered":"CSIF alerta de la falta de la mitad de la plantilla de la oficina estatal de empleo en Requena al no cubrir vacantes y baja"},"content":{"rendered":"<p>El sindicato CSIF alerta de que la oficina del Servicio P\u00fablico de Empleo Estatal de Requena est\u00e1 realizando su labor con la mitad de su plantilla. En la actualidad cuenta con tres del total de seis trabajadores, ya que existe una baja sin cubrir y dos vacantes, una por jubilaci\u00f3n y otra por traslado, de empleados p\u00fablicos. El sindicato reclama refuerzos y la reubicaci\u00f3n en un nuevo local que est\u00e9 en un bajo o tenga ascensor.<\/p>\n<p>La Central Sindical Independiente y de Funcionarios (CSIF) avisa de la precariedad en el desempe\u00f1o de su labor de la reducida plantilla de Requena, al contar en la actualidad \u00fanicamente con la mitad de sus efectivos. El sindicato subraya que esta situaci\u00f3n se traduce en una sobrecarga para los trabajadores y en un retraso en la atenci\u00f3n y en la cita previa para los usuarios.<\/p>\n<p>CSIF urge al Ministerio de Trabajo, Migraciones y Seguridad Social a que cubra con urgencia las dos vacantes y a que sustituya al trabajador de baja para que la oficina de Requena, que tiene un \u00e1mbito comarcal, pueda disponer del n\u00famero de efectivos previstos para ofrecer el servicio adecuado al ciudadano.<\/p>\n<p>CSI\u00b7F tambi\u00e9n pide que el Ministerio de Trabajo, la Conselleria de Economia y el Ayuntamiento se pongan de acuerdo para habilitar un nuevo local destinado al servicio de empleo. El sindicato explica que el actual, adem\u00e1s de haberse quedado obsoleto, est\u00e1 ubicado en un primer piso y carece de elevador, por lo que quien quiera acceder ha de hacerlo subiendo por unas escaleras.<\/p>\n<p>La central sindical ha denunciado la situaci\u00f3n con reiteraci\u00f3n al Comit\u00e9 de Seguridad y Salud Laboral de la provincia de Valencia de Administraci\u00f3n Central. All\u00ed se comprometieron a instalar el elevador. No obstante, pasan los a\u00f1os y contin\u00faan solamente con la escalera de acceso. En esta coyuntura, el sindicato considera que la cesi\u00f3n, por parte del Ayuntamiento, de un local debidamente acondicionado resulta la soluci\u00f3n m\u00e1s adecuada.<\/p>\n","protected":false},"excerpt":{"rendered":"<div class=\"mh-excerpt\">El sindicato CSIF alerta de que la oficina del Servicio P\u00fablico de Empleo Estatal de Requena est\u00e1 realizando su labor con la mitad de su plantilla. En la actualidad cuenta con tres del total de <a class=\"mh-excerpt-more\" href=\"https:\/\/www.tucomarca.com\/wordpress\/segunda\/csif-alerta-de-la-falta-de-la-mitad-de-la-plantilla-de-la-oficina-estatal-de-empleo-en-requena-al-no-cubrir-vacantes-y-baja\/\" title=\"CSIF alerta de la falta de la mitad de la plantilla de la oficina estatal de empleo en Requena al no cubrir vacantes y baja\">[+] <\/a><\/div>\n","protected":false},"author":1,"featured_media":56766,"comment_status":"open","ping_status":"open","sticky":false,"template":"","format":"standard","meta":{"footnotes":""},"categories":[128,8,142,28,27,3],"tags":[10387],"class_list":{"0":"post-77379","1":"post","2":"type-post","3":"status-publish","4":"format-standard","5":"has-post-thumbnail","7":"category-infraestructuras","8":"category-la-comarca","9":"category-politica-la-comarca","10":"category-requena","11":"category-requena-utiel","12":"category-seccion","13":"tag-requena-utiel"},"_links":{"self":[{"href":"https:\/\/www.tucomarca.com\/wordpress\/segunda\/wp-json\/wp\/v2\/posts\/77379","targetHints":{"allow":["GET"]}}],"collection":[{"href":"https:\/\/www.tucomarca.com\/wordpress\/segunda\/wp-json\/wp\/v2\/posts"}],"about":[{"href":"https:\/\/www.tucomarca.com\/wordpress\/segunda\/wp-json\/wp\/v2\/types\/post"}],"author":[{"embeddable":true,"href":"https:\/\/www.tucomarca.com\/wordpress\/segunda\/wp-json\/wp\/v2\/users\/1"}],"replies":[{"embeddable":true,"href":"https:\/\/www.tucomarca.com\/wordpress\/segunda\/wp-json\/wp\/v2\/comments?post=77379"}],"version-history":[{"count":0,"href":"https:\/\/www.tucomarca.com\/wordpress\/segunda\/wp-json\/wp\/v2\/posts\/77379\/revisions"}],"wp:featuredmedia":[{"embeddable":true,"href":"https:\/\/www.tucomarca.com\/wordpress\/segunda\/wp-json\/wp\/v2\/media\/56766"}],"wp:attachment":[{"href":"https:\/\/www.tucomarca.com\/wordpress\/segunda\/wp-json\/wp\/v2\/media?parent=77379"}],"wp:term":[{"taxonomy":"category","embeddable":true,"href":"https:\/\/www.tucomarca.com\/wordpress\/segunda\/wp-json\/wp\/v2\/categories?post=77379"},{"taxonomy":"post_tag","embeddable":true,"href":"https:\/\/www.tucomarca.com\/wordpress\/segunda\/wp-json\/wp\/v2\/tags?post=77379"}],"curies":[{"name":"wp","href":"https:\/\/api.w.org\/{rel}","templated":true}]}}