{"id":77423,"date":"2018-11-11T21:16:07","date_gmt":"2018-11-11T19:16:07","guid":{"rendered":"http:\/\/www.tucomarca.com\/wordpress\/segunda\/?p=77423"},"modified":"2018-11-11T21:16:07","modified_gmt":"2018-11-11T19:16:07","slug":"el-chiva-cf-afianza-su-liderato-tras-pasarle-por-encima-al-atletico-turis","status":"publish","type":"post","link":"https:\/\/www.tucomarca.com\/wordpress\/segunda\/el-chiva-cf-afianza-su-liderato-tras-pasarle-por-encima-al-atletico-turis\/","title":{"rendered":"El Chiva CF afianza su liderato tras pasarle por encima al Atl\u00e9tico Tur\u00eds"},"content":{"rendered":"<div dir=\"auto\">El resultado refleja lo que fue el partido:\u00a00-9.\u00a0Un partido con mucha superioridad roja\u00a0donde el Atl\u00e9tico\u00a0Tur\u00eds apenas lleg\u00f3 a la porteria rival, gracias al buen juego de los de Germ\u00e1n en todas sus l\u00edneas.<\/div>\n<div dir=\"auto\"><\/div>\n<div dir=\"auto\">Hab\u00eda mucha superioridad de los visitantes, latente en todos sentidos. Los rojillos generaron m\u00e1s ocasiones y el resultado pudo ser a\u00fan mayor, de no ser por la defensa y el meta turisanos.<\/div>\n<div dir=\"auto\">\n<p>En la primera mitad 4 goles, el primero en propia meta y en la segunda 5 m\u00e1s, dieron el resultado final, gracias entre otros a los dobletes de Albert Medina y Gabriel Navarro.<\/p>\n<\/div>\n<div dir=\"auto\">El Atl\u00e9tico Tur\u00eds tras este resultado se queda colista con 1 s\u00f3lo punto y el Chiva CF por fin se queda como l\u00edder en solitario con 27 puntos, con 5 de diferencia de su m\u00e1s inmediato seguidor.\u00a0Informa Ra\u00fal Miralles Lacalle @raulmks<\/div>\n","protected":false},"excerpt":{"rendered":"<div class=\"mh-excerpt\">El resultado refleja lo que fue el partido:\u00a00-9.\u00a0Un partido con mucha superioridad roja\u00a0donde el Atl\u00e9tico\u00a0Tur\u00eds apenas lleg\u00f3 a la porteria rival, gracias al buen juego de los de Germ\u00e1n en todas sus l\u00edneas. Hab\u00eda mucha <a class=\"mh-excerpt-more\" href=\"https:\/\/www.tucomarca.com\/wordpress\/segunda\/el-chiva-cf-afianza-su-liderato-tras-pasarle-por-encima-al-atletico-turis\/\" title=\"El Chiva CF afianza su liderato tras pasarle por encima al Atl\u00e9tico Tur\u00eds\">[+] <\/a><\/div>\n","protected":false},"author":1,"featured_media":75620,"comment_status":"open","ping_status":"open","sticky":false,"template":"","format":"standard","meta":{"footnotes":""},"categories":[50,16,6,10,42,3,43,45],"tags":[10379,10661],"class_list":{"0":"post-77423","1":"post","2":"type-post","3":"status-publish","4":"format-standard","5":"has-post-thumbnail","7":"category-futbol-deportes","8":"category-chiva","9":"category-deportes","10":"category-la-hoya","11":"category-la-ribera","12":"category-seccion","13":"category-turis","14":"category-ventana","15":"tag-deportes","16":"tag-esports"},"_links":{"self":[{"href":"https:\/\/www.tucomarca.com\/wordpress\/segunda\/wp-json\/wp\/v2\/posts\/77423","targetHints":{"allow":["GET"]}}],"collection":[{"href":"https:\/\/www.tucomarca.com\/wordpress\/segunda\/wp-json\/wp\/v2\/posts"}],"about":[{"href":"https:\/\/www.tucomarca.com\/wordpress\/segunda\/wp-json\/wp\/v2\/types\/post"}],"author":[{"embeddable":true,"href":"https:\/\/www.tucomarca.com\/wordpress\/segunda\/wp-json\/wp\/v2\/users\/1"}],"replies":[{"embeddable":true,"href":"https:\/\/www.tucomarca.com\/wordpress\/segunda\/wp-json\/wp\/v2\/comments?post=77423"}],"version-history":[{"count":0,"href":"https:\/\/www.tucomarca.com\/wordpress\/segunda\/wp-json\/wp\/v2\/posts\/77423\/revisions"}],"wp:featuredmedia":[{"embeddable":true,"href":"https:\/\/www.tucomarca.com\/wordpress\/segunda\/wp-json\/wp\/v2\/media\/75620"}],"wp:attachment":[{"href":"https:\/\/www.tucomarca.com\/wordpress\/segunda\/wp-json\/wp\/v2\/media?parent=77423"}],"wp:term":[{"taxonomy":"category","embeddable":true,"href":"https:\/\/www.tucomarca.com\/wordpress\/segunda\/wp-json\/wp\/v2\/categories?post=77423"},{"taxonomy":"post_tag","embeddable":true,"href":"https:\/\/www.tucomarca.com\/wordpress\/segunda\/wp-json\/wp\/v2\/tags?post=77423"}],"curies":[{"name":"wp","href":"https:\/\/api.w.org\/{rel}","templated":true}]}}