{"id":77496,"date":"2018-11-12T13:19:46","date_gmt":"2018-11-12T11:19:46","guid":{"rendered":"http:\/\/www.tucomarca.com\/wordpress\/segunda\/?p=77496"},"modified":"2018-11-12T13:19:46","modified_gmt":"2018-11-12T11:19:46","slug":"el-trail-castillo-de-cofrentes-inaugura-%e2%80%a8la-nueva-temporada-del-circuito-trail-valencia-cajamar","status":"publish","type":"post","link":"https:\/\/www.tucomarca.com\/wordpress\/segunda\/el-trail-castillo-de-cofrentes-inaugura-%e2%80%a8la-nueva-temporada-del-circuito-trail-valencia-cajamar\/","title":{"rendered":"El Trail Castillo de Cofrentes inaugura \u2028la nueva temporada del Circuito Trail Valencia-Cajamar"},"content":{"rendered":"<figure id=\"attachment_77497\" aria-describedby=\"caption-attachment-77497\" style=\"width: 932px\" class=\"wp-caption alignnone\"><img loading=\"lazy\" decoding=\"async\" class=\" wp-image-77497\" src=\"https:\/\/www.tucomarca.com\/wordpress\/segunda\/wp-content\/uploads\/2018\/11\/TrailCofrentes18a.jpg\" alt=\"Jes\u00fas Quiles y Clara Renard, en sprinttrail, y Sim\u00f3n Rama y Eulalia Margarita Paucar, en trail, han sido los ganadores de la primera prueba puntuable de la temporada.\" width=\"932\" height=\"621\" srcset=\"https:\/\/www.tucomarca.com\/wordpress\/segunda\/wp-content\/uploads\/2018\/11\/TrailCofrentes18a.jpg 2000w, https:\/\/www.tucomarca.com\/wordpress\/segunda\/wp-content\/uploads\/2018\/11\/TrailCofrentes18a-300x200.jpg 300w, https:\/\/www.tucomarca.com\/wordpress\/segunda\/wp-content\/uploads\/2018\/11\/TrailCofrentes18a-768x512.jpg 768w, https:\/\/www.tucomarca.com\/wordpress\/segunda\/wp-content\/uploads\/2018\/11\/TrailCofrentes18a-1024x682.jpg 1024w\" sizes=\"auto, (max-width: 932px) 100vw, 932px\" \/><figcaption id=\"caption-attachment-77497\" class=\"wp-caption-text\">Jes\u00fas Quiles y Clara Renard, en sprinttrail, y Sim\u00f3n Rama y Eulalia Margarita Paucar, en trail, han sido los ganadores de la primera prueba puntuable de la temporada.<\/figcaption><\/figure>\n<p>El Circuito Trail Valencia-Cajamar (CTV) comenz\u00f3 ayer su octava edici\u00f3n con el II Trail Castillo de Cofrentes, en el que han participado cerca de 400 corredores y que se ha disputado con unas excelentes condiciones meteorol\u00f3gicas que permitieron que los participantes disfrutaran de los espectaculares paisajes de la zona.<\/p>\n<p>La prueba const\u00f3 de dos modalidades, el sprinttrail de 11 kil\u00f3metros y 470 m D+, y el trail de 19,6 km y 900 m D+. Ambas combinaban tramos t\u00e9cnicos y r\u00e1pidos, lo que se not\u00f3 mucho en los tiempos, que fueron rapid\u00edsimos en todas las categor\u00edas. Esto, sumado a la gran calidad de muchos de los participantes, hizo que se batieran los r\u00e9cords de las dos disciplinas, sprinttrail y trail, tanto en mujeres como en hombres.<\/p>\n<figure id=\"attachment_77499\" aria-describedby=\"caption-attachment-77499\" style=\"width: 350px\" class=\"wp-caption alignleft\"><img loading=\"lazy\" decoding=\"async\" class=\" wp-image-77499\" src=\"https:\/\/www.tucomarca.com\/wordpress\/segunda\/wp-content\/uploads\/2018\/11\/TrailCofrentesb.jpg\" alt=\"Las excelentes condiciones meteorol\u00f3gicas han permitido a los cerca de 400 corredores disfrutar de la monta\u00f1a y los excelentes paisajes.\" width=\"350\" height=\"234\" srcset=\"https:\/\/www.tucomarca.com\/wordpress\/segunda\/wp-content\/uploads\/2018\/11\/TrailCofrentesb.jpg 6016w, https:\/\/www.tucomarca.com\/wordpress\/segunda\/wp-content\/uploads\/2018\/11\/TrailCofrentesb-300x200.jpg 300w, https:\/\/www.tucomarca.com\/wordpress\/segunda\/wp-content\/uploads\/2018\/11\/TrailCofrentesb-768x513.jpg 768w, https:\/\/www.tucomarca.com\/wordpress\/segunda\/wp-content\/uploads\/2018\/11\/TrailCofrentesb-1024x684.jpg 1024w\" sizes=\"auto, (max-width: 350px) 100vw, 350px\" \/><figcaption id=\"caption-attachment-77499\" class=\"wp-caption-text\">Las excelentes condiciones meteorol\u00f3gicas han permitido a los cerca de 400 corredores disfrutar de la monta\u00f1a y los excelentes paisajes.<\/figcaption><\/figure>\n<p>En la modalidad m\u00e1s corta, el ganador ha sido Jes\u00fas Quiles (\u00c1lex Campos Team) con un tiempo de 45:13, mientras que Clara Renard (Acorrecuita) ha hecho lo propio en categor\u00eda femenina y ha entrado en meta en 56:44. El mejor equipo del sprinttrail sido el \u00c1lex Campos Team.<\/p>\n<p>En la distancia larga, ha conquistado el podio Sim\u00f3n Rama (Mur i Castell-Tuga), que ha empleado 1:31:48 en completar los casi 20 kil\u00f3metros de la carrera. En mujeres, la mejor del d\u00eda ha sido Eulalia Margarita (Desnivel + Trail) con un tiempo de 1:59:43. Por equipos, el premio se lo ha llevado el Timer Lap.<\/p>\n<p>Tras Cofrentes, el 16 de diciembre el CTV visitar\u00e1 Navarr\u00e9s. A la vuelta de Navidad, concretamente el 13 de enero, tendr\u00e1 lugar el Trail Ontinyent-Clariano, para seguir el 10 de febrero en Chera y el 3 de marzo con el Xeresa-Mond\u00faber. Tras las Fallas y la Semana Santa, el 26 de abril, el circuito se desplazar\u00e1 hasta Cortes de Pall\u00e1s para acabar, una temporada m\u00e1s, el 19 de mayo con el Trail Gestalgar-Pe\u00f1a Mar\u00eda.<\/p>\n","protected":false},"excerpt":{"rendered":"<div class=\"mh-excerpt\">El Circuito Trail Valencia-Cajamar (CTV) comenz\u00f3 ayer su octava edici\u00f3n con el II Trail Castillo de Cofrentes, en el que han participado cerca de 400 corredores y que se ha disputado con unas excelentes condiciones <a class=\"mh-excerpt-more\" href=\"https:\/\/www.tucomarca.com\/wordpress\/segunda\/el-trail-castillo-de-cofrentes-inaugura-%e2%80%a8la-nueva-temporada-del-circuito-trail-valencia-cajamar\/\" title=\"El Trail Castillo de Cofrentes inaugura \u2028la nueva temporada del Circuito Trail Valencia-Cajamar\">[+] <\/a><\/div>\n","protected":false},"author":1,"featured_media":77497,"comment_status":"open","ping_status":"open","sticky":false,"template":"","format":"standard","meta":{"footnotes":""},"categories":[98,38,186,41,40,6,193,70,59,270,3,45],"tags":[10379,10661],"class_list":{"0":"post-77496","1":"post","2":"type-post","3":"status-publish","4":"format-standard","5":"has-post-thumbnail","7":"category-atletismo","8":"category-ayora-cofrentes","9":"category-chera-los-serranos","10":"category-cofrentes","11":"category-cortes-de-pallas","12":"category-deportes","13":"category-gestalgar","14":"category-la-canal-de-navarres","15":"category-los-serranos","16":"category-navarres","17":"category-seccion","18":"category-ventana","19":"tag-deportes","20":"tag-esports"},"_links":{"self":[{"href":"https:\/\/www.tucomarca.com\/wordpress\/segunda\/wp-json\/wp\/v2\/posts\/77496","targetHints":{"allow":["GET"]}}],"collection":[{"href":"https:\/\/www.tucomarca.com\/wordpress\/segunda\/wp-json\/wp\/v2\/posts"}],"about":[{"href":"https:\/\/www.tucomarca.com\/wordpress\/segunda\/wp-json\/wp\/v2\/types\/post"}],"author":[{"embeddable":true,"href":"https:\/\/www.tucomarca.com\/wordpress\/segunda\/wp-json\/wp\/v2\/users\/1"}],"replies":[{"embeddable":true,"href":"https:\/\/www.tucomarca.com\/wordpress\/segunda\/wp-json\/wp\/v2\/comments?post=77496"}],"version-history":[{"count":0,"href":"https:\/\/www.tucomarca.com\/wordpress\/segunda\/wp-json\/wp\/v2\/posts\/77496\/revisions"}],"wp:featuredmedia":[{"embeddable":true,"href":"https:\/\/www.tucomarca.com\/wordpress\/segunda\/wp-json\/wp\/v2\/media\/77497"}],"wp:attachment":[{"href":"https:\/\/www.tucomarca.com\/wordpress\/segunda\/wp-json\/wp\/v2\/media?parent=77496"}],"wp:term":[{"taxonomy":"category","embeddable":true,"href":"https:\/\/www.tucomarca.com\/wordpress\/segunda\/wp-json\/wp\/v2\/categories?post=77496"},{"taxonomy":"post_tag","embeddable":true,"href":"https:\/\/www.tucomarca.com\/wordpress\/segunda\/wp-json\/wp\/v2\/tags?post=77496"}],"curies":[{"name":"wp","href":"https:\/\/api.w.org\/{rel}","templated":true}]}}