{"id":7751,"date":"2012-10-05T09:38:06","date_gmt":"2012-10-05T07:38:06","guid":{"rendered":"http:\/\/www.tucomarca.com\/wordpress\/segunda\/?p=7751"},"modified":"2012-10-05T10:02:34","modified_gmt":"2012-10-05T08:02:34","slug":"lola-johnson-inaugura-la-primera-fase-de-la-nueva-ciudad-deportiva-de-la-pobla-de-vallbona","status":"publish","type":"post","link":"https:\/\/www.tucomarca.com\/wordpress\/segunda\/lola-johnson-inaugura-la-primera-fase-de-la-nueva-ciudad-deportiva-de-la-pobla-de-vallbona\/","title":{"rendered":"Lola Johnson inaugura la primera fase de la nueva Ciudad Deportiva de La Pobla de Vallbona"},"content":{"rendered":"<p><figure id=\"attachment_7752\" aria-describedby=\"caption-attachment-7752\" style=\"width: 300px\" class=\"wp-caption alignleft\"><a href=\"https:\/\/www.tucomarca.com\/wordpress\/segunda\/?attachment_id=7752\" rel=\"attachment wp-att-7752\"><img loading=\"lazy\" decoding=\"async\" src=\"https:\/\/www.tucomarca.com\/wordpress\/segunda\/wp-content\/uploads\/2012\/10\/la-foto-300x224.jpg\" alt=\"\" title=\"la foto\" width=\"300\" height=\"224\" class=\"size-medium wp-image-7752\" srcset=\"https:\/\/www.tucomarca.com\/wordpress\/segunda\/wp-content\/uploads\/2012\/10\/la-foto-300x224.jpg 300w, https:\/\/www.tucomarca.com\/wordpress\/segunda\/wp-content\/uploads\/2012\/10\/la-foto-1024x764.jpg 1024w\" sizes=\"auto, (max-width: 300px) 100vw, 300px\" \/><\/a><figcaption id=\"caption-attachment-7752\" class=\"wp-caption-text\">Responsables pol\u00edticos participantes en la inauguraci\u00f3n. tc.c<\/figcaption><\/figure>La consellera de Turismo, Cultura y Deporte, Lola Johnson, ha asegurado que la inversi\u00f3n en instalaciones deportivas \u201ces la mayor pol\u00edtica social porque deporte es ejercicio, pero tambi\u00e9n es educaci\u00f3n, salud, empleo y desarrollo econ\u00f3mico\u201d<br \/>\nJohnson ha inaugurado la primera fase de la nueva Ciutat Esportiva de La Pobla de Vallbona, integrada por el polideportivo municipal, la piscina L\u2019Argila y el pabell\u00f3n multiusos, construido a trav\u00e9s del I Plan de Instalaciones Deportivas de la Generalitat.<br \/>\nLa consellera de Turismo, Cultura y Deporte ha destacado la ejecuci\u00f3n de m\u00e1s de 1.088 actuaciones en infraestructuras deportivas realizadas por la Generalitat con una inversi\u00f3n \u201csuperior a los 254 millones de euros en todos las localidades de la Comunitat\u201d.<br \/>\nLa actuaci\u00f3n, que generar\u00e1 60 empleos y cuyo presupuesto asciende a 3\u20194 millones de euros, ha permitido la reordenaci\u00f3n e integraci\u00f3n de los espacios deportivos para \u201coptimizar los recursos y ampliar la oferta\u201d, ha se\u00f1alado Johnson. La intervenci\u00f3n ha supuesto la construcci\u00f3n de un edificio de control y acceso \u00fanico al recinto, aparcamiento subterr\u00e1neo, vestuarios, tres pistas de tenis de c\u00e9sped artificial y una grada cubierta en el campo de f\u00fatbol.<br \/>\nLa alcaldesa de la Pobla de Vallbona, Mari Carmen Contelles, ha se\u00f1alado que \u00abestas instalaciones que hoy inauguramos son important\u00edsimas para nuestra poblaci\u00f3n, ya que m\u00e1s de 4.500 vecinos de la Pobla participan en actividades deportivas organizadas. Por ello, y para facilitar la pr\u00e1ctica deportiva de todos en las mejores condiciones, el Ayuntamiento, con el apoyo de administraciones como la Generalitat Valenciana, ha invertido en infraestructuras deportivas como el Complejo l\u2019Argila, las pistas de proximidad , la ampliaci\u00f3n de la red de carriles bici y, mediante el Plan Confianza, en esta primera fase de la Ciudad Deportiva. Unas instalaciones de primer nivel, accesibles y que ofrecen un servicio de calidad, como se merecen todos los vecinos de nuestra localidad.\u00bb<\/p>\n","protected":false},"excerpt":{"rendered":"<div class=\"mh-excerpt\">La consellera de Turismo, Cultura y Deporte, Lola Johnson, ha asegurado que la inversi\u00f3n en instalaciones deportivas \u201ces la mayor pol\u00edtica social porque deporte es ejercicio, pero tambi\u00e9n es educaci\u00f3n, salud, empleo y desarrollo econ\u00f3mico\u201d <a class=\"mh-excerpt-more\" href=\"https:\/\/www.tucomarca.com\/wordpress\/segunda\/lola-johnson-inaugura-la-primera-fase-de-la-nueva-ciudad-deportiva-de-la-pobla-de-vallbona\/\" title=\"Lola Johnson inaugura la primera fase de la nueva Ciudad Deportiva de La Pobla de Vallbona\">[+] <\/a><\/div>\n","protected":false},"author":2,"featured_media":7752,"comment_status":"open","ping_status":"open","sticky":false,"template":"","format":"standard","meta":{"footnotes":""},"categories":[46,128,8,72,174,3,45],"tags":[10412],"class_list":{"0":"post-7751","1":"post","2":"type-post","3":"status-publish","4":"format-standard","5":"has-post-thumbnail","7":"category-camp-de-turia","8":"category-infraestructuras","9":"category-la-comarca","10":"category-sin-categorizar","11":"category-la-pobla","12":"category-seccion","13":"category-ventana","14":"tag-infraestructuras"},"_links":{"self":[{"href":"https:\/\/www.tucomarca.com\/wordpress\/segunda\/wp-json\/wp\/v2\/posts\/7751","targetHints":{"allow":["GET"]}}],"collection":[{"href":"https:\/\/www.tucomarca.com\/wordpress\/segunda\/wp-json\/wp\/v2\/posts"}],"about":[{"href":"https:\/\/www.tucomarca.com\/wordpress\/segunda\/wp-json\/wp\/v2\/types\/post"}],"author":[{"embeddable":true,"href":"https:\/\/www.tucomarca.com\/wordpress\/segunda\/wp-json\/wp\/v2\/users\/2"}],"replies":[{"embeddable":true,"href":"https:\/\/www.tucomarca.com\/wordpress\/segunda\/wp-json\/wp\/v2\/comments?post=7751"}],"version-history":[{"count":0,"href":"https:\/\/www.tucomarca.com\/wordpress\/segunda\/wp-json\/wp\/v2\/posts\/7751\/revisions"}],"wp:featuredmedia":[{"embeddable":true,"href":"https:\/\/www.tucomarca.com\/wordpress\/segunda\/wp-json\/wp\/v2\/media\/7752"}],"wp:attachment":[{"href":"https:\/\/www.tucomarca.com\/wordpress\/segunda\/wp-json\/wp\/v2\/media?parent=7751"}],"wp:term":[{"taxonomy":"category","embeddable":true,"href":"https:\/\/www.tucomarca.com\/wordpress\/segunda\/wp-json\/wp\/v2\/categories?post=7751"},{"taxonomy":"post_tag","embeddable":true,"href":"https:\/\/www.tucomarca.com\/wordpress\/segunda\/wp-json\/wp\/v2\/tags?post=7751"}],"curies":[{"name":"wp","href":"https:\/\/api.w.org\/{rel}","templated":true}]}}