{"id":77520,"date":"2018-11-12T16:46:17","date_gmt":"2018-11-12T14:46:17","guid":{"rendered":"http:\/\/www.tucomarca.com\/wordpress\/segunda\/?p=77520"},"modified":"2018-11-12T16:46:17","modified_gmt":"2018-11-12T14:46:17","slug":"fotogaleria-cheste-vive-un-fin-de-semana-lleno-de-actos-con-motivo-de-la-celebracion-de-santa-cecilia","status":"publish","type":"post","link":"https:\/\/www.tucomarca.com\/wordpress\/segunda\/fotogaleria-cheste-vive-un-fin-de-semana-lleno-de-actos-con-motivo-de-la-celebracion-de-santa-cecilia\/","title":{"rendered":"Fotogaler\u00eda: Cheste vive un fin de semana lleno de actos con motivo de la celebraci\u00f3n de Santa Cecilia"},"content":{"rendered":"<figure id=\"attachment_77549\" aria-describedby=\"caption-attachment-77549\" style=\"width: 710px\" class=\"wp-caption alignnone\"><img loading=\"lazy\" decoding=\"async\" class=\" wp-image-77549\" src=\"https:\/\/www.tucomarca.com\/wordpress\/segunda\/wp-content\/uploads\/2018\/11\/15.-ChesteLaLira.jpg\" alt=\"Entrega de instrumentos y conciertos conmemorativos de Santa Cecilia 2018 en Cheste.\" width=\"710\" height=\"532\" srcset=\"https:\/\/www.tucomarca.com\/wordpress\/segunda\/wp-content\/uploads\/2018\/11\/15.-ChesteLaLira.jpg 1600w, https:\/\/www.tucomarca.com\/wordpress\/segunda\/wp-content\/uploads\/2018\/11\/15.-ChesteLaLira-300x225.jpg 300w, https:\/\/www.tucomarca.com\/wordpress\/segunda\/wp-content\/uploads\/2018\/11\/15.-ChesteLaLira-768x576.jpg 768w, https:\/\/www.tucomarca.com\/wordpress\/segunda\/wp-content\/uploads\/2018\/11\/15.-ChesteLaLira-1024x768.jpg 1024w\" sizes=\"auto, (max-width: 710px) 100vw, 710px\" \/><figcaption id=\"caption-attachment-77549\" class=\"wp-caption-text\">Entrega de instrumentos y conciertos conmemorativos de Santa Cecilia 2018 en Cheste.<\/figcaption><\/figure>\n<p>La Asociaci\u00f3n Musical La Lira de Cheste celebr\u00f3 el pasado fin de semana la festividad de Santa Cecilia, patrona de los m\u00fasicos y m\u00fasicas, con dos conciertos, el pasacalle de recogida de las nuevas incorporaciones, la misa en honor a Santa Cecilia y la comida de hermandad. A esta celebraci\u00f3n se uni\u00f3 la coral Cant\u00e1bile, que interpret\u00f3, junto a la banda y las corales de SIUM de Montserrat, Virgen del Castillo de Chiva y Vicent Ribes de Tur\u00eds, una selecci\u00f3n de zarzuelas; el pasado s\u00e1bado, 10 de noviembre, en el teatro Liceo.<\/p>\n<p><b>Entrega de instrumentos, nuevas incorporaciones y primer concierto<\/b><\/p>\n<p>El fin de semana se abri\u00f3 el 9 de noviembre con el acto de entrega de instrumentos y las actuaciones de las agrupaciones benjaminas de la asociaci\u00f3n; el conjunto instrumental, dirigido por Rub\u00e9n Albarrac\u00edn, y la banda juvenil, a cargo de Francisco Gin\u00e9s Mart\u00ednez.<\/p>\n<p>\u201cUn a\u00f1o m\u00e1s quiero resaltar el valor, la importancia social, cultural y educativa, que la asociaci\u00f3n Banda La Lira tiene para el conjunto de la poblaci\u00f3n chestana\u201d, manifestaba la concejala de Cultura en su discurso. \u201cTambi\u00e9n quiero felicitar a los m\u00fasicos y m\u00fasicas de todos las agrupaciones; la Banda Sinf\u00f3nica, la Banda Juvenil, el Conjunto Instrumental, Bibrass D\u2019Or y el Ensemble de adultos; a la escuela, que en este momento cuenta con 127 alumnos y alumnas de todas las edades. A todas estas personas que se dedican a la m\u00fasica y que llenan de alegr\u00eda, sensibilidad y emoci\u00f3n nuestros corazones, dedicando horas de su ocio a crear y recrear la belleza. Igualmente felicito al profesorado, a los directores y la directora, porque, sin duda, disfrutan del privilegio de vivir de aquello que les gusta. Ense\u00f1ar, dirigir, no es tarea f\u00e1cil, requiere de muchas horas de preparaci\u00f3n, de autoridad que emana del trabajo bien hecho, de aceptaci\u00f3n del alumnado y de afecto. Tambi\u00e9n felicidades a la junta directiva, por atreverse, por exponerse a la opini\u00f3n p\u00fablica sin miedo, por el trabajo desinteresado que realiza y por poner en la historia de Cheste su granito de arena. Por \u00faltimo, felicidades a las familias que colaboran d\u00eda tras d\u00eda con la banda en las actividades que se realizan. Y, sobre todo en el d\u00eda de hoy, felicidades y enhorabuena a las nuevas incorporaciones y a los alumnos y alumnas que reciben un instrumento\u201d.<\/p>\n<p>En total se entregaron 13 instrumentos y la escuela dio la bienvenida a 6 alumnos y alumnas de piano. Participaron en la entrega el alcalde de Cheste, Jos\u00e9 Morell, la concejala de Cultura, M\u00aa \u00c1ngeles Llorente, el presidente de la Caja Rural de Cheste, Rafael Lozano y representantes de la Cooperativa Cheste Agraria y de los partidos pol\u00edticos locales. \u201cEl instrumento que he elegido es el saxof\u00f3n\u201d, afirmaba Alejandra Ib\u00e1\u00f1ez, una de las alumnas de la escuela de m\u00fasica que recib\u00eda su instrumento. \u201cMe gusta mucho como suena y tambi\u00e9n que es dorado. Estoy muy contenta porque me encanta tocar. De mayor me gustar\u00eda ser m\u00fasica y estar en la banda\u201d.<\/p>\n<p>Tras la entrega de instrumentos se dio la bienvenida a las nuevas incorporaciones del Conjunto Instrumental y de la Banda Juvenil y ambas agrupaciones ofrecieron una actuaci\u00f3n.<\/p>\n<p>\u201cLa Lira lleva su m\u00fasica a todos los actos que se celebran en Cheste, nos acompa\u00f1a en las festividades y participa activamente en la promoci\u00f3n de la cultura y las tradiciones locales. La m\u00fasica y La Lira son se\u00f1as de identidad de Cheste y de la Comunidad Valenciana y por eso son y deben ser una de las mejores cartas de presentaci\u00f3n de nuestro pueblo\u201d, apuntaba Morell. \u201cEn la Comunidad Valenciana hay unas 1.000 bandas, 170 orquestas, 230 coros, 130 grupos de c\u00e1mara, 52 <i>big bands<\/i> y 550 sociedades musicales; sumando 40.000 m\u00fasicos, 60.000 alumnos y 200.000 socios. Nada menos que la mitad de los m\u00fasicos de toda Espa\u00f1a son de la Comunidad Valenciana y no hay nada parecido en todo el mundo. Los beneficios de la m\u00fasica no solo se reducen a estos n\u00fameros, tambi\u00e9n est\u00e1n en la educaci\u00f3n; en el refuerzo de la concentraci\u00f3n, el desarrollo de la creatividad y habilidades sociales, entre otros aspectos. Hablar de La Lira es hablar de todo esto: de m\u00fasica. Pero tambi\u00e9n es hablar de compa\u00f1erismo, trabajo, constancia y de valores que se transmiten a sus miembros y a todas y todos nosotros\u201d.<\/p>\n<p><b>Concierto de Santa Cecilia<\/b><\/p>\n<p>El s\u00e1bado por la tarde llegaba el turno de la Banda Sinf\u00f3nica, agrupaci\u00f3n que, junto a la coral Cant\u00e1bile de Cheste y las corales de SIUM de Montserrat, Virgen del Castillo de Chiva y Vicent Ribes de Tur\u00eds, ofreci\u00f3 un repertorio zarzuel\u00edstico en el que sonaron conocidos fragmentos de obras como <i>La Del Manojo de Rosas<\/i>, <i>La Boda de Luis Alonso<\/i> o <i>La Revoltosa<\/i>, entre otras; bajo la direcci\u00f3n de Marta M\u00e1rmol Garc\u00eda y Javier Engu\u00eddanos Morat\u00f3. Adem\u00e1s, sobre el escenario, las corales estuvieron acompa\u00f1adas de la bailaora Nieves Blanco Ortega.<\/p>\n<p><b>Pasacalle y comida de hermandad<\/b><\/p>\n<p>El domingo por la ma\u00f1ana arrancaba el pasacalle de recogida a los nuevos m\u00fasicos y m\u00fasicas, que fueron uni\u00e9ndose al desfile hasta llegar a la iglesia, donde la Banda Sinf\u00f3nica y la Coral San Lucas Evangelista participaron en la misa en honor a Santa Cecilia, en la que se intercalaron varias piezas musicales. A medio d\u00eda, m\u00fasicos, m\u00fasicas, socios, socias y simpatizantes se reunieron en la comida de hermandad.<\/p>\n<p><b>Nuevos m\u00fasicos y m\u00fasicas de la Banda Juvenil y la Banda Sinf\u00f3nica La Lira<\/b><\/p>\n<p><b>BANDA JUVENIL \u00a0<\/b><\/p>\n<p>Berta Viadel Sancho &#8211; Bombardino<\/p>\n<p>Mart\u00edn Carb\u00f3 Ayll\u00f3n &#8211; Violoncello<\/p>\n<p>Nerea P\u00e9rez Montero &#8211; Violoncello<\/p>\n<p>Paula Montesinos S\u00e1nchez &#8211; Violoncello<\/p>\n<p>Pablo Carrascosa Lamparero &#8211; Violoncello<\/p>\n<p>Sergio Mu\u00f1oz Palop &#8211; Clarinete<\/p>\n<p>Mario Barber\u00e1 Gim\u00e9nez &#8211; Percusi\u00f3n<\/p>\n<p>Candela Llorens Bele\u00f1a &#8211; Percusi\u00f3n<\/p>\n<p>David Dom\u00e9nech Bele\u00f1a &#8211; Tuba<\/p>\n<p>Eloy Mart\u00ednez De La Cruz &#8211; Tuba<\/p>\n<p>Leo Mart\u00ednez Cort\u00e9s &#8211; Saxof\u00f3n<\/p>\n<p>Diana G\u00f3mez Mirasol &#8211; Trompa<\/p>\n<p><b>BANDA SINF\u00d3NICA \u00a0<\/b><\/p>\n<p>Sof\u00eda Suay Ceballos &#8211; Fagot<\/p>\n<p>Llanos Barroso Prats &#8211; Fagot<\/p>\n<p>Carlos Ochando Cort\u00e9s\u00a0 &#8211; Tuba<\/p>\n<p>Daniela Barroso Prats &#8211; Oboe<\/p>\n<p>Nerea Cr\u00fa Tar\u00edn &#8211; Oboe<\/p>\n<p>Ariadna Crespo Gamir &#8211; Oboe<\/p>\n<p>Violeta Moral Vega &#8211; Flauta<\/p>\n<p>Julia S\u00e1nchez M\u00e1\u00f1ez\u00a0 &#8211; Flauta<\/p>\n<p>Eva Cort\u00e9s Moreno &#8211; Flauta<\/p>\n<p>Lorena M\u00e1s Rodrigo &#8211; Percusi\u00f3n<\/p>\n<p>Dar\u00edo P\u00e9rez Montero &#8211; Percusi\u00f3n<\/p>\n<div id='gallery-1' class='gallery galleryid-77520 gallery-columns-3 gallery-size-medium'><figure class='gallery-item'>\n\t\t\t<div class='gallery-icon landscape'>\n\t\t\t\t<a href='https:\/\/www.tucomarca.com\/wordpress\/segunda\/fotogaleria-cheste-vive-un-fin-de-semana-lleno-de-actos-con-motivo-de-la-celebracion-de-santa-cecilia\/01-chestelalira\/'><img loading=\"lazy\" decoding=\"async\" width=\"300\" height=\"200\" src=\"https:\/\/www.tucomarca.com\/wordpress\/segunda\/wp-content\/uploads\/2018\/11\/01.-ChesteLaLira-300x200.jpg\" class=\"attachment-medium size-medium\" alt=\"Entrega de instrumentos y conciertos conmemorativos de Santa Cecilia 2018 en Cheste.\" aria-describedby=\"gallery-1-77521\" srcset=\"https:\/\/www.tucomarca.com\/wordpress\/segunda\/wp-content\/uploads\/2018\/11\/01.-ChesteLaLira-300x200.jpg 300w, https:\/\/www.tucomarca.com\/wordpress\/segunda\/wp-content\/uploads\/2018\/11\/01.-ChesteLaLira-768x512.jpg 768w, https:\/\/www.tucomarca.com\/wordpress\/segunda\/wp-content\/uploads\/2018\/11\/01.-ChesteLaLira-1024x683.jpg 1024w\" sizes=\"auto, (max-width: 300px) 100vw, 300px\" \/><\/a>\n\t\t\t<\/div>\n\t\t\t\t<figcaption class='wp-caption-text gallery-caption' id='gallery-1-77521'>\n\t\t\t\tEntrega de instrumentos y conciertos conmemorativos de Santa Cecilia 2018 en Cheste.\n\t\t\t\t<\/figcaption><\/figure><figure class='gallery-item'>\n\t\t\t<div class='gallery-icon landscape'>\n\t\t\t\t<a href='https:\/\/www.tucomarca.com\/wordpress\/segunda\/fotogaleria-cheste-vive-un-fin-de-semana-lleno-de-actos-con-motivo-de-la-celebracion-de-santa-cecilia\/02-chestelalira\/'><img loading=\"lazy\" decoding=\"async\" width=\"300\" height=\"200\" src=\"https:\/\/www.tucomarca.com\/wordpress\/segunda\/wp-content\/uploads\/2018\/11\/02.-ChesteLaLira-300x200.jpg\" class=\"attachment-medium size-medium\" alt=\"\" srcset=\"https:\/\/www.tucomarca.com\/wordpress\/segunda\/wp-content\/uploads\/2018\/11\/02.-ChesteLaLira-300x200.jpg 300w, https:\/\/www.tucomarca.com\/wordpress\/segunda\/wp-content\/uploads\/2018\/11\/02.-ChesteLaLira-768x512.jpg 768w, https:\/\/www.tucomarca.com\/wordpress\/segunda\/wp-content\/uploads\/2018\/11\/02.-ChesteLaLira-1024x683.jpg 1024w\" sizes=\"auto, (max-width: 300px) 100vw, 300px\" \/><\/a>\n\t\t\t<\/div><\/figure><figure class='gallery-item'>\n\t\t\t<div class='gallery-icon landscape'>\n\t\t\t\t<a href='https:\/\/www.tucomarca.com\/wordpress\/segunda\/fotogaleria-cheste-vive-un-fin-de-semana-lleno-de-actos-con-motivo-de-la-celebracion-de-santa-cecilia\/03-chestelalira\/'><img loading=\"lazy\" decoding=\"async\" width=\"300\" height=\"200\" src=\"https:\/\/www.tucomarca.com\/wordpress\/segunda\/wp-content\/uploads\/2018\/11\/03.-ChesteLaLira-300x200.jpg\" class=\"attachment-medium size-medium\" alt=\"\" srcset=\"https:\/\/www.tucomarca.com\/wordpress\/segunda\/wp-content\/uploads\/2018\/11\/03.-ChesteLaLira-300x200.jpg 300w, https:\/\/www.tucomarca.com\/wordpress\/segunda\/wp-content\/uploads\/2018\/11\/03.-ChesteLaLira-768x512.jpg 768w, https:\/\/www.tucomarca.com\/wordpress\/segunda\/wp-content\/uploads\/2018\/11\/03.-ChesteLaLira-1024x683.jpg 1024w\" sizes=\"auto, (max-width: 300px) 100vw, 300px\" \/><\/a>\n\t\t\t<\/div><\/figure><figure class='gallery-item'>\n\t\t\t<div class='gallery-icon landscape'>\n\t\t\t\t<a href='https:\/\/www.tucomarca.com\/wordpress\/segunda\/fotogaleria-cheste-vive-un-fin-de-semana-lleno-de-actos-con-motivo-de-la-celebracion-de-santa-cecilia\/04-chestelalira\/'><img loading=\"lazy\" decoding=\"async\" width=\"300\" height=\"200\" src=\"https:\/\/www.tucomarca.com\/wordpress\/segunda\/wp-content\/uploads\/2018\/11\/04.-ChesteLaLira-300x200.jpg\" class=\"attachment-medium size-medium\" alt=\"\" srcset=\"https:\/\/www.tucomarca.com\/wordpress\/segunda\/wp-content\/uploads\/2018\/11\/04.-ChesteLaLira-300x200.jpg 300w, https:\/\/www.tucomarca.com\/wordpress\/segunda\/wp-content\/uploads\/2018\/11\/04.-ChesteLaLira-768x512.jpg 768w, https:\/\/www.tucomarca.com\/wordpress\/segunda\/wp-content\/uploads\/2018\/11\/04.-ChesteLaLira-1024x683.jpg 1024w\" sizes=\"auto, (max-width: 300px) 100vw, 300px\" \/><\/a>\n\t\t\t<\/div><\/figure><figure class='gallery-item'>\n\t\t\t<div class='gallery-icon landscape'>\n\t\t\t\t<a href='https:\/\/www.tucomarca.com\/wordpress\/segunda\/fotogaleria-cheste-vive-un-fin-de-semana-lleno-de-actos-con-motivo-de-la-celebracion-de-santa-cecilia\/05-chestelalira\/'><img loading=\"lazy\" decoding=\"async\" width=\"300\" height=\"200\" src=\"https:\/\/www.tucomarca.com\/wordpress\/segunda\/wp-content\/uploads\/2018\/11\/05.-ChesteLaLira-300x200.jpg\" class=\"attachment-medium size-medium\" alt=\"\" srcset=\"https:\/\/www.tucomarca.com\/wordpress\/segunda\/wp-content\/uploads\/2018\/11\/05.-ChesteLaLira-300x200.jpg 300w, https:\/\/www.tucomarca.com\/wordpress\/segunda\/wp-content\/uploads\/2018\/11\/05.-ChesteLaLira-768x512.jpg 768w, https:\/\/www.tucomarca.com\/wordpress\/segunda\/wp-content\/uploads\/2018\/11\/05.-ChesteLaLira-1024x683.jpg 1024w\" sizes=\"auto, (max-width: 300px) 100vw, 300px\" \/><\/a>\n\t\t\t<\/div><\/figure><figure class='gallery-item'>\n\t\t\t<div class='gallery-icon landscape'>\n\t\t\t\t<a href='https:\/\/www.tucomarca.com\/wordpress\/segunda\/fotogaleria-cheste-vive-un-fin-de-semana-lleno-de-actos-con-motivo-de-la-celebracion-de-santa-cecilia\/06-chestelalira\/'><img loading=\"lazy\" decoding=\"async\" width=\"300\" height=\"200\" src=\"https:\/\/www.tucomarca.com\/wordpress\/segunda\/wp-content\/uploads\/2018\/11\/06.-ChesteLaLira-300x200.jpg\" class=\"attachment-medium size-medium\" alt=\"\" srcset=\"https:\/\/www.tucomarca.com\/wordpress\/segunda\/wp-content\/uploads\/2018\/11\/06.-ChesteLaLira-300x200.jpg 300w, https:\/\/www.tucomarca.com\/wordpress\/segunda\/wp-content\/uploads\/2018\/11\/06.-ChesteLaLira-768x512.jpg 768w, https:\/\/www.tucomarca.com\/wordpress\/segunda\/wp-content\/uploads\/2018\/11\/06.-ChesteLaLira-1024x683.jpg 1024w\" sizes=\"auto, (max-width: 300px) 100vw, 300px\" \/><\/a>\n\t\t\t<\/div><\/figure><figure class='gallery-item'>\n\t\t\t<div class='gallery-icon landscape'>\n\t\t\t\t<a href='https:\/\/www.tucomarca.com\/wordpress\/segunda\/fotogaleria-cheste-vive-un-fin-de-semana-lleno-de-actos-con-motivo-de-la-celebracion-de-santa-cecilia\/07-chestelalira\/'><img loading=\"lazy\" decoding=\"async\" width=\"300\" height=\"200\" src=\"https:\/\/www.tucomarca.com\/wordpress\/segunda\/wp-content\/uploads\/2018\/11\/07.-ChesteLaLira-300x200.jpg\" class=\"attachment-medium size-medium\" alt=\"\" srcset=\"https:\/\/www.tucomarca.com\/wordpress\/segunda\/wp-content\/uploads\/2018\/11\/07.-ChesteLaLira-300x200.jpg 300w, https:\/\/www.tucomarca.com\/wordpress\/segunda\/wp-content\/uploads\/2018\/11\/07.-ChesteLaLira-768x512.jpg 768w, https:\/\/www.tucomarca.com\/wordpress\/segunda\/wp-content\/uploads\/2018\/11\/07.-ChesteLaLira-1024x683.jpg 1024w\" sizes=\"auto, (max-width: 300px) 100vw, 300px\" \/><\/a>\n\t\t\t<\/div><\/figure><figure class='gallery-item'>\n\t\t\t<div class='gallery-icon landscape'>\n\t\t\t\t<a href='https:\/\/www.tucomarca.com\/wordpress\/segunda\/fotogaleria-cheste-vive-un-fin-de-semana-lleno-de-actos-con-motivo-de-la-celebracion-de-santa-cecilia\/08-chestelalira\/'><img loading=\"lazy\" decoding=\"async\" width=\"300\" height=\"200\" src=\"https:\/\/www.tucomarca.com\/wordpress\/segunda\/wp-content\/uploads\/2018\/11\/08.-ChesteLaLira-300x200.jpg\" class=\"attachment-medium size-medium\" alt=\"\" srcset=\"https:\/\/www.tucomarca.com\/wordpress\/segunda\/wp-content\/uploads\/2018\/11\/08.-ChesteLaLira-300x200.jpg 300w, https:\/\/www.tucomarca.com\/wordpress\/segunda\/wp-content\/uploads\/2018\/11\/08.-ChesteLaLira-768x512.jpg 768w, https:\/\/www.tucomarca.com\/wordpress\/segunda\/wp-content\/uploads\/2018\/11\/08.-ChesteLaLira-1024x683.jpg 1024w\" sizes=\"auto, (max-width: 300px) 100vw, 300px\" \/><\/a>\n\t\t\t<\/div><\/figure><figure class='gallery-item'>\n\t\t\t<div class='gallery-icon landscape'>\n\t\t\t\t<a href='https:\/\/www.tucomarca.com\/wordpress\/segunda\/fotogaleria-cheste-vive-un-fin-de-semana-lleno-de-actos-con-motivo-de-la-celebracion-de-santa-cecilia\/09-chestelalira\/'><img loading=\"lazy\" decoding=\"async\" width=\"300\" height=\"200\" src=\"https:\/\/www.tucomarca.com\/wordpress\/segunda\/wp-content\/uploads\/2018\/11\/09.-ChesteLaLira-300x200.jpg\" class=\"attachment-medium size-medium\" alt=\"\" srcset=\"https:\/\/www.tucomarca.com\/wordpress\/segunda\/wp-content\/uploads\/2018\/11\/09.-ChesteLaLira-300x200.jpg 300w, https:\/\/www.tucomarca.com\/wordpress\/segunda\/wp-content\/uploads\/2018\/11\/09.-ChesteLaLira-768x512.jpg 768w, https:\/\/www.tucomarca.com\/wordpress\/segunda\/wp-content\/uploads\/2018\/11\/09.-ChesteLaLira-1024x683.jpg 1024w\" sizes=\"auto, (max-width: 300px) 100vw, 300px\" \/><\/a>\n\t\t\t<\/div><\/figure><figure class='gallery-item'>\n\t\t\t<div class='gallery-icon landscape'>\n\t\t\t\t<a href='https:\/\/www.tucomarca.com\/wordpress\/segunda\/fotogaleria-cheste-vive-un-fin-de-semana-lleno-de-actos-con-motivo-de-la-celebracion-de-santa-cecilia\/10-chestelalira\/'><img loading=\"lazy\" decoding=\"async\" width=\"300\" height=\"200\" src=\"https:\/\/www.tucomarca.com\/wordpress\/segunda\/wp-content\/uploads\/2018\/11\/10.-ChesteLaLira-300x200.jpg\" class=\"attachment-medium size-medium\" alt=\"\" srcset=\"https:\/\/www.tucomarca.com\/wordpress\/segunda\/wp-content\/uploads\/2018\/11\/10.-ChesteLaLira-300x200.jpg 300w, https:\/\/www.tucomarca.com\/wordpress\/segunda\/wp-content\/uploads\/2018\/11\/10.-ChesteLaLira-768x512.jpg 768w, https:\/\/www.tucomarca.com\/wordpress\/segunda\/wp-content\/uploads\/2018\/11\/10.-ChesteLaLira-1024x683.jpg 1024w\" sizes=\"auto, (max-width: 300px) 100vw, 300px\" \/><\/a>\n\t\t\t<\/div><\/figure><figure class='gallery-item'>\n\t\t\t<div class='gallery-icon landscape'>\n\t\t\t\t<a href='https:\/\/www.tucomarca.com\/wordpress\/segunda\/fotogaleria-cheste-vive-un-fin-de-semana-lleno-de-actos-con-motivo-de-la-celebracion-de-santa-cecilia\/11-chestelaliral\/'><img loading=\"lazy\" decoding=\"async\" width=\"300\" height=\"200\" src=\"https:\/\/www.tucomarca.com\/wordpress\/segunda\/wp-content\/uploads\/2018\/11\/11.-ChesteLaLiral-300x200.jpg\" class=\"attachment-medium size-medium\" alt=\"\" srcset=\"https:\/\/www.tucomarca.com\/wordpress\/segunda\/wp-content\/uploads\/2018\/11\/11.-ChesteLaLiral-300x200.jpg 300w, https:\/\/www.tucomarca.com\/wordpress\/segunda\/wp-content\/uploads\/2018\/11\/11.-ChesteLaLiral-768x512.jpg 768w, https:\/\/www.tucomarca.com\/wordpress\/segunda\/wp-content\/uploads\/2018\/11\/11.-ChesteLaLiral-1024x683.jpg 1024w\" sizes=\"auto, (max-width: 300px) 100vw, 300px\" \/><\/a>\n\t\t\t<\/div><\/figure><figure class='gallery-item'>\n\t\t\t<div class='gallery-icon landscape'>\n\t\t\t\t<a href='https:\/\/www.tucomarca.com\/wordpress\/segunda\/fotogaleria-cheste-vive-un-fin-de-semana-lleno-de-actos-con-motivo-de-la-celebracion-de-santa-cecilia\/12-chestelalira\/'><img loading=\"lazy\" decoding=\"async\" width=\"300\" height=\"225\" src=\"https:\/\/www.tucomarca.com\/wordpress\/segunda\/wp-content\/uploads\/2018\/11\/12.-ChesteLaLira-300x225.jpg\" class=\"attachment-medium size-medium\" alt=\"\" srcset=\"https:\/\/www.tucomarca.com\/wordpress\/segunda\/wp-content\/uploads\/2018\/11\/12.-ChesteLaLira-300x225.jpg 300w, https:\/\/www.tucomarca.com\/wordpress\/segunda\/wp-content\/uploads\/2018\/11\/12.-ChesteLaLira-768x576.jpg 768w, https:\/\/www.tucomarca.com\/wordpress\/segunda\/wp-content\/uploads\/2018\/11\/12.-ChesteLaLira-1024x768.jpg 1024w, https:\/\/www.tucomarca.com\/wordpress\/segunda\/wp-content\/uploads\/2018\/11\/12.-ChesteLaLira.jpg 1600w\" sizes=\"auto, (max-width: 300px) 100vw, 300px\" \/><\/a>\n\t\t\t<\/div><\/figure><figure class='gallery-item'>\n\t\t\t<div class='gallery-icon landscape'>\n\t\t\t\t<a href='https:\/\/www.tucomarca.com\/wordpress\/segunda\/fotogaleria-cheste-vive-un-fin-de-semana-lleno-de-actos-con-motivo-de-la-celebracion-de-santa-cecilia\/13-chestelalira\/'><img loading=\"lazy\" decoding=\"async\" width=\"300\" height=\"225\" src=\"https:\/\/www.tucomarca.com\/wordpress\/segunda\/wp-content\/uploads\/2018\/11\/13.-ChesteLaLira-300x225.jpg\" class=\"attachment-medium size-medium\" alt=\"\" srcset=\"https:\/\/www.tucomarca.com\/wordpress\/segunda\/wp-content\/uploads\/2018\/11\/13.-ChesteLaLira-300x225.jpg 300w, https:\/\/www.tucomarca.com\/wordpress\/segunda\/wp-content\/uploads\/2018\/11\/13.-ChesteLaLira-768x576.jpg 768w, https:\/\/www.tucomarca.com\/wordpress\/segunda\/wp-content\/uploads\/2018\/11\/13.-ChesteLaLira-1024x768.jpg 1024w, https:\/\/www.tucomarca.com\/wordpress\/segunda\/wp-content\/uploads\/2018\/11\/13.-ChesteLaLira.jpg 1600w\" sizes=\"auto, (max-width: 300px) 100vw, 300px\" \/><\/a>\n\t\t\t<\/div><\/figure><figure class='gallery-item'>\n\t\t\t<div class='gallery-icon landscape'>\n\t\t\t\t<a href='https:\/\/www.tucomarca.com\/wordpress\/segunda\/fotogaleria-cheste-vive-un-fin-de-semana-lleno-de-actos-con-motivo-de-la-celebracion-de-santa-cecilia\/14-chestelalira\/'><img loading=\"lazy\" decoding=\"async\" width=\"300\" height=\"225\" src=\"https:\/\/www.tucomarca.com\/wordpress\/segunda\/wp-content\/uploads\/2018\/11\/14.-ChesteLaLira-300x225.jpg\" class=\"attachment-medium size-medium\" alt=\"\" srcset=\"https:\/\/www.tucomarca.com\/wordpress\/segunda\/wp-content\/uploads\/2018\/11\/14.-ChesteLaLira-300x225.jpg 300w, https:\/\/www.tucomarca.com\/wordpress\/segunda\/wp-content\/uploads\/2018\/11\/14.-ChesteLaLira-768x576.jpg 768w, https:\/\/www.tucomarca.com\/wordpress\/segunda\/wp-content\/uploads\/2018\/11\/14.-ChesteLaLira-1024x768.jpg 1024w, https:\/\/www.tucomarca.com\/wordpress\/segunda\/wp-content\/uploads\/2018\/11\/14.-ChesteLaLira.jpg 1600w\" sizes=\"auto, (max-width: 300px) 100vw, 300px\" \/><\/a>\n\t\t\t<\/div><\/figure><figure class='gallery-item'>\n\t\t\t<div class='gallery-icon landscape'>\n\t\t\t\t<a href='https:\/\/www.tucomarca.com\/wordpress\/segunda\/fotogaleria-cheste-vive-un-fin-de-semana-lleno-de-actos-con-motivo-de-la-celebracion-de-santa-cecilia\/15-chestelalira\/'><img loading=\"lazy\" decoding=\"async\" width=\"300\" height=\"225\" src=\"https:\/\/www.tucomarca.com\/wordpress\/segunda\/wp-content\/uploads\/2018\/11\/15.-ChesteLaLira-300x225.jpg\" class=\"attachment-medium size-medium\" alt=\"Entrega de instrumentos y conciertos conmemorativos de Santa Cecilia 2018 en Cheste.\" aria-describedby=\"gallery-1-77549\" srcset=\"https:\/\/www.tucomarca.com\/wordpress\/segunda\/wp-content\/uploads\/2018\/11\/15.-ChesteLaLira-300x225.jpg 300w, https:\/\/www.tucomarca.com\/wordpress\/segunda\/wp-content\/uploads\/2018\/11\/15.-ChesteLaLira-768x576.jpg 768w, https:\/\/www.tucomarca.com\/wordpress\/segunda\/wp-content\/uploads\/2018\/11\/15.-ChesteLaLira-1024x768.jpg 1024w, https:\/\/www.tucomarca.com\/wordpress\/segunda\/wp-content\/uploads\/2018\/11\/15.-ChesteLaLira.jpg 1600w\" sizes=\"auto, (max-width: 300px) 100vw, 300px\" \/><\/a>\n\t\t\t<\/div>\n\t\t\t\t<figcaption class='wp-caption-text gallery-caption' id='gallery-1-77549'>\n\t\t\t\tEntrega de instrumentos y conciertos conmemorativos de Santa Cecilia 2018 en Cheste.\n\t\t\t\t<\/figcaption><\/figure>\n\t\t<\/div>\n\n","protected":false},"excerpt":{"rendered":"<div class=\"mh-excerpt\">La Asociaci\u00f3n Musical La Lira de Cheste celebr\u00f3 el pasado fin de semana la festividad de Santa Cecilia, patrona de los m\u00fasicos y m\u00fasicas, con dos conciertos, el pasacalle de recogida de las nuevas incorporaciones, <a class=\"mh-excerpt-more\" href=\"https:\/\/www.tucomarca.com\/wordpress\/segunda\/fotogaleria-cheste-vive-un-fin-de-semana-lleno-de-actos-con-motivo-de-la-celebracion-de-santa-cecilia\/\" title=\"Fotogaler\u00eda: Cheste vive un fin de semana lleno de actos con motivo de la celebraci\u00f3n de Santa Cecilia\">[+] <\/a><\/div>\n","protected":false},"author":1,"featured_media":77549,"comment_status":"open","ping_status":"open","sticky":false,"template":"","format":"standard","meta":{"footnotes":""},"categories":[66,17,10,7,3,45],"tags":[339,11111],"class_list":{"0":"post-77520","1":"post","2":"type-post","3":"status-publish","4":"format-standard","5":"has-post-thumbnail","7":"category-musica","8":"category-cheste","9":"category-la-hoya","10":"category-ocio-y-cultura","11":"category-seccion","12":"category-ventana","13":"tag-cheste-2","14":"tag-xest-2"},"_links":{"self":[{"href":"https:\/\/www.tucomarca.com\/wordpress\/segunda\/wp-json\/wp\/v2\/posts\/77520","targetHints":{"allow":["GET"]}}],"collection":[{"href":"https:\/\/www.tucomarca.com\/wordpress\/segunda\/wp-json\/wp\/v2\/posts"}],"about":[{"href":"https:\/\/www.tucomarca.com\/wordpress\/segunda\/wp-json\/wp\/v2\/types\/post"}],"author":[{"embeddable":true,"href":"https:\/\/www.tucomarca.com\/wordpress\/segunda\/wp-json\/wp\/v2\/users\/1"}],"replies":[{"embeddable":true,"href":"https:\/\/www.tucomarca.com\/wordpress\/segunda\/wp-json\/wp\/v2\/comments?post=77520"}],"version-history":[{"count":0,"href":"https:\/\/www.tucomarca.com\/wordpress\/segunda\/wp-json\/wp\/v2\/posts\/77520\/revisions"}],"wp:featuredmedia":[{"embeddable":true,"href":"https:\/\/www.tucomarca.com\/wordpress\/segunda\/wp-json\/wp\/v2\/media\/77549"}],"wp:attachment":[{"href":"https:\/\/www.tucomarca.com\/wordpress\/segunda\/wp-json\/wp\/v2\/media?parent=77520"}],"wp:term":[{"taxonomy":"category","embeddable":true,"href":"https:\/\/www.tucomarca.com\/wordpress\/segunda\/wp-json\/wp\/v2\/categories?post=77520"},{"taxonomy":"post_tag","embeddable":true,"href":"https:\/\/www.tucomarca.com\/wordpress\/segunda\/wp-json\/wp\/v2\/tags?post=77520"}],"curies":[{"name":"wp","href":"https:\/\/api.w.org\/{rel}","templated":true}]}}