{"id":77667,"date":"2018-11-13T22:04:33","date_gmt":"2018-11-13T20:04:33","guid":{"rendered":"http:\/\/www.tucomarca.com\/wordpress\/segunda\/?p=77667"},"modified":"2018-11-13T22:04:45","modified_gmt":"2018-11-13T20:04:45","slug":"desmantelan-un-grupo-organizado-especializado-en-robos-con-violencia-en-domicilios-que-habia-actuado-en-benaguasil-alzira-y-lliana-entre-otras-localidades","status":"publish","type":"post","link":"https:\/\/www.tucomarca.com\/wordpress\/segunda\/desmantelan-un-grupo-organizado-especializado-en-robos-con-violencia-en-domicilios-que-habia-actuado-en-benaguasil-alzira-y-lliana-entre-otras-localidades\/","title":{"rendered":"Desmantelan un grupo organizado especializado en robos con violencia en domicilios que hab\u00eda actuado en Benaguasil, Alzira y L&#8217;liana, entre otras localidades"},"content":{"rendered":"<figure id=\"attachment_77669\" aria-describedby=\"caption-attachment-77669\" style=\"width: 418px\" class=\"wp-caption alignleft\"><img loading=\"lazy\" decoding=\"async\" class=\" wp-image-77669\" src=\"https:\/\/www.tucomarca.com\/wordpress\/segunda\/wp-content\/uploads\/2018\/11\/WagenGC.jpg\" alt=\"Asimismo, se ha evitado el secuestro de un empresario valenciano que estaba siendo monitorizada con un dispositivo de seguimiento instalado en su veh\u00edculo.\" width=\"418\" height=\"235\" srcset=\"https:\/\/www.tucomarca.com\/wordpress\/segunda\/wp-content\/uploads\/2018\/11\/WagenGC.jpg 720w, https:\/\/www.tucomarca.com\/wordpress\/segunda\/wp-content\/uploads\/2018\/11\/WagenGC-300x169.jpg 300w\" sizes=\"auto, (max-width: 418px) 100vw, 418px\" \/><figcaption id=\"caption-attachment-77669\" class=\"wp-caption-text\">Asimismo, se ha evitado el secuestro de un empresario valenciano que estaba siendo monitorizada con un dispositivo de seguimiento instalado en su veh\u00edculo.<\/figcaption><\/figure>\n<p>La Guardia Civil, en el marco de la Operaci\u00f3n Wagen, desarrollada en la provincia de Valencia, ha detenido a 14 personas pertenecientes a una organizaci\u00f3n criminal especializada en el robo con violencia en domicilios en Valencia y Navarra, por su implicaci\u00f3n en m\u00e1s de 15 hechos de robos con fuerza y violencia y por una tentativa de secuestro.<\/p>\n<p>Se han podido esclarecer m\u00e1s de 15 hechos ocurridos en Manises, Benaguasil, L&#8217;Eliana, Benicassim, Alzira, Benidorm, Valencia y Navarra.<\/p>\n<p>Con este operativo se ha conseguido evitar el secuestro de una persona que estaba siendo monitorizada con un dispositivo de seguimiento instalado en su veh\u00edculo.<\/p>\n<p>Los detenidos son de nacionalidades espa\u00f1ola y rumana 5 mujeres y 9 varones, de edades comprendidas entre los 20 y los 47\u00a0 a\u00f1os de edad.<\/p>\n<p>Asimismo, se han realizado 11 registros (10 en Valencia y 1 en Navarra),<b> <\/b>donde se ha intervenido armas blancas, dispositivos de seguimiento, 2 pistolas detonadoras, una carabina, un taser artesanal, pasamonta\u00f1as, una estrella Ninja, piedras preciosas y joyas, m\u00f3viles, tablets, ordenadores, pasamonta\u00f1as, 7 kilos de marihuana y 12.000 euros en efectivo.<\/p>\n<p>Tambi\u00e9n se han incautado, 4 veh\u00edculos y una furgoneta, adem\u00e1s del bloqueo de 28 cuentas bancarias y 8 bienes inmuebles.<\/p>\n<p>Se les investiga,\u00a0 por su implicaci\u00f3n con distinto grado, en delitos de pertenencia a organizaci\u00f3n criminal, robos con fuerza y con violencia, receptaci\u00f3n, defraudaci\u00f3n de fluido el\u00e9ctrico, trafico de drogas, apropiaci\u00f3n indebida, y tentativa de secuestro.<\/p>\n<p><b>Cerrajero profesional y dispositivo de seguimiento<\/b><\/p>\n<p>Este grupo altamente especializado contaba con un cerrajero profesional para minimizar el tiempo de acceso a las viviendas, adem\u00e1s de un sistema de seguimiento para controlar los movimientos de los moradores de los domicilios<\/p>\n<p>Asimismo, obten\u00edan informaci\u00f3n previa por diferentes fuentes y segu\u00edan de forma minuciosa a sus posibles v\u00edctimas para establecer sus rutinas y cometer los hechos en los horarios m\u00e1s favorables.<\/p>\n<p>Una vez ten\u00edan todo listo, un miembro de la organizaci\u00f3n especializado en cerrajer\u00eda, abr\u00eda las viviendas y daba acceso a otros componentes para cometer los robos y apoderarse de todos los elementos de valor de los domicilios. Mientras esto suced\u00eda en el interior otros integrantes establec\u00edan\u00a0 dispositivos de vigilancia en el exterior.<\/p>\n<p>Este grupo estaba planificando el secuestro de un empresario valenciano en el garaje de su domicilio, que fue frustrado gracias a la\u00a0 explotaci\u00f3n de la operaci\u00f3n.<\/p>\n<p><b><\/b>La operaci\u00f3n ha sido desarrollada de forma conjunta por tres unidades de investigaci\u00f3n de la Comandancia de Valencia.<\/p>\n<p>Los detenidos han pasado a disposici\u00f3n del Juzgado n\u00ba 5 de Ll\u00edria (Valencia).<\/p>\n","protected":false},"excerpt":{"rendered":"<div class=\"mh-excerpt\">La Guardia Civil, en el marco de la Operaci\u00f3n Wagen, desarrollada en la provincia de Valencia, ha detenido a 14 personas pertenecientes a una organizaci\u00f3n criminal especializada en el robo con violencia en domicilios en <a class=\"mh-excerpt-more\" href=\"https:\/\/www.tucomarca.com\/wordpress\/segunda\/desmantelan-un-grupo-organizado-especializado-en-robos-con-violencia-en-domicilios-que-habia-actuado-en-benaguasil-alzira-y-lliana-entre-otras-localidades\/\" title=\"Desmantelan un grupo organizado especializado en robos con violencia en domicilios que hab\u00eda actuado en Benaguasil, Alzira y L&#8217;liana, entre otras localidades\">[+] <\/a><\/div>\n","protected":false},"author":1,"featured_media":77669,"comment_status":"open","ping_status":"open","sticky":false,"template":"","format":"standard","meta":{"footnotes":""},"categories":[69,172,46,177,8,72,42,3,116,45],"tags":[33],"class_list":{"0":"post-77667","1":"post","2":"type-post","3":"status-publish","4":"format-standard","5":"has-post-thumbnail","7":"category-alzira","8":"category-benaguasil","9":"category-camp-de-turia","10":"category-leliana","11":"category-la-comarca","12":"category-sin-categorizar","13":"category-la-ribera","14":"category-seccion","15":"category-sucesos-la-comarca","16":"category-ventana","17":"tag-sucesos"},"_links":{"self":[{"href":"https:\/\/www.tucomarca.com\/wordpress\/segunda\/wp-json\/wp\/v2\/posts\/77667","targetHints":{"allow":["GET"]}}],"collection":[{"href":"https:\/\/www.tucomarca.com\/wordpress\/segunda\/wp-json\/wp\/v2\/posts"}],"about":[{"href":"https:\/\/www.tucomarca.com\/wordpress\/segunda\/wp-json\/wp\/v2\/types\/post"}],"author":[{"embeddable":true,"href":"https:\/\/www.tucomarca.com\/wordpress\/segunda\/wp-json\/wp\/v2\/users\/1"}],"replies":[{"embeddable":true,"href":"https:\/\/www.tucomarca.com\/wordpress\/segunda\/wp-json\/wp\/v2\/comments?post=77667"}],"version-history":[{"count":0,"href":"https:\/\/www.tucomarca.com\/wordpress\/segunda\/wp-json\/wp\/v2\/posts\/77667\/revisions"}],"wp:featuredmedia":[{"embeddable":true,"href":"https:\/\/www.tucomarca.com\/wordpress\/segunda\/wp-json\/wp\/v2\/media\/77669"}],"wp:attachment":[{"href":"https:\/\/www.tucomarca.com\/wordpress\/segunda\/wp-json\/wp\/v2\/media?parent=77667"}],"wp:term":[{"taxonomy":"category","embeddable":true,"href":"https:\/\/www.tucomarca.com\/wordpress\/segunda\/wp-json\/wp\/v2\/categories?post=77667"},{"taxonomy":"post_tag","embeddable":true,"href":"https:\/\/www.tucomarca.com\/wordpress\/segunda\/wp-json\/wp\/v2\/tags?post=77667"}],"curies":[{"name":"wp","href":"https:\/\/api.w.org\/{rel}","templated":true}]}}