{"id":77690,"date":"2018-11-14T17:12:36","date_gmt":"2018-11-14T15:12:36","guid":{"rendered":"http:\/\/www.tucomarca.com\/wordpress\/segunda\/?p=77690"},"modified":"2018-11-14T17:12:36","modified_gmt":"2018-11-14T15:12:36","slug":"proteccion-civil-y-emergencias-alerta-por-lluvias-y-tormentas-en-la-vertiente-mediterranea-durante-hoy-y-manana","status":"publish","type":"post","link":"https:\/\/www.tucomarca.com\/wordpress\/segunda\/proteccion-civil-y-emergencias-alerta-por-lluvias-y-tormentas-en-la-vertiente-mediterranea-durante-hoy-y-manana\/","title":{"rendered":"Protecci\u00f3n Civil y Emergencias alerta por lluvias y tormentas en la vertiente mediterr\u00e1nea durante hoy y ma\u00f1ana"},"content":{"rendered":"<p>La Direcci\u00f3n General de Protecci\u00f3n Civil y Emergencias del Ministerio del Interior, de acuerdo con las predicciones de la Agencia Estatal de Meteorolog\u00eda (AEMET), alerta por lluvias y tormentas en la vertiente mediterr\u00e1nea durante hoy y ma\u00f1ana.<\/p>\n<p>Hoy mi\u00e9rcoles hay previsi\u00f3n de lluvias muy intensas (100 litros por m<sup>2<\/sup> en 12 horas) en Valencia y Alicante. Tambi\u00e9n se esperan lluvias fuertes en zonas de Andaluc\u00eda y de la Regi\u00f3n de Murcia. En esta \u00faltima Comunidad hay, adem\u00e1s,\u00a0 riesgo de tormentas.<\/p>\n<p>Ma\u00f1ana jueves las lluvias de especial intensidad (100 litros por m<sup>2<\/sup> en 12 horas) se esperan en Tarragona, Castell\u00f3n, Valencia y Alicante. Hay previsi\u00f3n de lluvias fuertes en pr\u00e1cticamente toda la vertiente mediterr\u00e1nea, as\u00ed como de tormentas en la Regi\u00f3n de Murcia.<\/p>\n<p><b>Recomendaciones<\/b><\/p>\n<p><b>Ante\u00a0 lluvias intensas<\/b><\/p>\n<ul>\n<li>Si va conduciendo, disminuya la velocidad, extreme las precauciones y no se detenga en zonas donde pueda discurrir gran cantidad de agua.<\/li>\n<li>Si tiene que viajar, procure circular preferentemente por carreteras principales y autopistas.<\/li>\n<li>En caso de tormentas s\u00fabitas y lluvias intensas, se debe tener en cuenta el lugar donde se aparcan los veh\u00edculos. El\u00a0 r\u00e1pido ascenso del nivel de las aguas puede da\u00f1ar los veh\u00edculos aparcados sobre zonas inundables y, adem\u00e1s, arrastrarlos, provocando da\u00f1os a bienes ajenos e incluso obstaculizar el flujo natural de la corriente.<\/li>\n<li>Si comienza a llover de manera torrencial, piense que existe riesgo de inundaci\u00f3n. No atraviese con su veh\u00edculo ni a pie, los tramos inundados, porque desconoce lo que puede haber debajo del agua y localice los puntos m\u00e1s altos de la zona. No intente salvar su autom\u00f3vil en medio de una inundaci\u00f3n.<\/li>\n<li>Si se encuentra en el campo, hay que alejarse de los r\u00edos, torrentes y zonas bajas de laderas y colinas, evitando atravesar vados inundados. Igualmente, debe dirigirse a los puntos m\u00e1s altos de la zona.<\/li>\n<li>No obstante, el dif\u00edcil pron\u00f3stico de los fen\u00f3menos tormentosos aconseja mantenerse informado en todo momento de la posible evoluci\u00f3n de los cambios meteorol\u00f3gicos.<\/li>\n<\/ul>\n<p><b>Ante el riesgo de tormentas<\/b><\/p>\n<ul>\n<li>El peligro de las tormentas para las personas se produce, fundamentalmente, en campo abierto. No obstante, en los n\u00facleos urbanos tambi\u00e9n hay peligro de ca\u00edda de rayos, por lo que es conveniente colocarse cerca de los edificios para protegerse. En las\u00a0 viviendas se aconseja evitar las corrientes de aire. Si va conduciendo, un veh\u00edculo cerrado puede ser un buen refugio.<\/li>\n<\/ul>\n<ul>\n<li>Si la tormenta le sorprende en el campo, evite correr y permanecer en lugares elevados, como los altos de las colinas, crestas o divisorias. No se refugie bajo los \u00e1rboles y al\u00e9jese de alambradas y objetos met\u00e1licos.<\/li>\n<\/ul>\n<p><b>Ante el riesgo de inundaciones \u00a0 \u00a0 \u00a0 \u00a0 \u00a0 \u00a0 \u00a0 \u00a0 \u00a0 \u00a0 \u00a0 \u00a0 \u00a0 \u00a0 \u00a0 \u00a0 \u00a0<\/b><\/p>\n<ul>\n<li>Mant\u00e9ngase permanentemente informado, a trav\u00e9s de la radio y de otros medios de comunicaci\u00f3n, de las predicciones meteorol\u00f3gicas y del estado de la situaci\u00f3n.<\/li>\n<\/ul>\n<ul>\n<li>No conduzca en \u00e1reas inundadas. Abandone el autom\u00f3vil y busque un terreno m\u00e1s alto cuando se vea rodeado por una corriente de agua.<\/li>\n<\/ul>\n<ul>\n<li>Procure circular, preferentemente, por carreteras principales y autopistas.<\/li>\n<\/ul>\n<ul>\n<li>Procure alejarse de v\u00edas y torrentes y no trate de atravesar a pie vados inundados o corrientes de agua.<\/li>\n<\/ul>\n<ul>\n<li>Si tiene que evacuar su domicilio, traslade los art\u00edculos esenciales a los pisos m\u00e1s altos, cierre la toma principal de electricidad y gas y siga las instrucciones de las autoridades.<\/li>\n<\/ul>\n","protected":false},"excerpt":{"rendered":"<div class=\"mh-excerpt\">La Direcci\u00f3n General de Protecci\u00f3n Civil y Emergencias del Ministerio del Interior, de acuerdo con las predicciones de la Agencia Estatal de Meteorolog\u00eda (AEMET), alerta por lluvias y tormentas en la vertiente mediterr\u00e1nea durante hoy <a class=\"mh-excerpt-more\" href=\"https:\/\/www.tucomarca.com\/wordpress\/segunda\/proteccion-civil-y-emergencias-alerta-por-lluvias-y-tormentas-en-la-vertiente-mediterranea-durante-hoy-y-manana\/\" title=\"Protecci\u00f3n Civil y Emergencias alerta por lluvias y tormentas en la vertiente mediterr\u00e1nea durante hoy y ma\u00f1ana\">[+] <\/a><\/div>\n","protected":false},"author":1,"featured_media":52625,"comment_status":"open","ping_status":"open","sticky":false,"template":"","format":"standard","meta":{"footnotes":""},"categories":[128,8,72,117,3,116,45],"tags":[9229],"class_list":{"0":"post-77690","1":"post","2":"type-post","3":"status-publish","4":"format-standard","5":"has-post-thumbnail","7":"category-infraestructuras","8":"category-la-comarca","9":"category-sin-categorizar","10":"category-medio-ambiente-la-comarca","11":"category-seccion","12":"category-sucesos-la-comarca","13":"category-ventana","14":"tag-temporal"},"_links":{"self":[{"href":"https:\/\/www.tucomarca.com\/wordpress\/segunda\/wp-json\/wp\/v2\/posts\/77690","targetHints":{"allow":["GET"]}}],"collection":[{"href":"https:\/\/www.tucomarca.com\/wordpress\/segunda\/wp-json\/wp\/v2\/posts"}],"about":[{"href":"https:\/\/www.tucomarca.com\/wordpress\/segunda\/wp-json\/wp\/v2\/types\/post"}],"author":[{"embeddable":true,"href":"https:\/\/www.tucomarca.com\/wordpress\/segunda\/wp-json\/wp\/v2\/users\/1"}],"replies":[{"embeddable":true,"href":"https:\/\/www.tucomarca.com\/wordpress\/segunda\/wp-json\/wp\/v2\/comments?post=77690"}],"version-history":[{"count":0,"href":"https:\/\/www.tucomarca.com\/wordpress\/segunda\/wp-json\/wp\/v2\/posts\/77690\/revisions"}],"wp:featuredmedia":[{"embeddable":true,"href":"https:\/\/www.tucomarca.com\/wordpress\/segunda\/wp-json\/wp\/v2\/media\/52625"}],"wp:attachment":[{"href":"https:\/\/www.tucomarca.com\/wordpress\/segunda\/wp-json\/wp\/v2\/media?parent=77690"}],"wp:term":[{"taxonomy":"category","embeddable":true,"href":"https:\/\/www.tucomarca.com\/wordpress\/segunda\/wp-json\/wp\/v2\/categories?post=77690"},{"taxonomy":"post_tag","embeddable":true,"href":"https:\/\/www.tucomarca.com\/wordpress\/segunda\/wp-json\/wp\/v2\/tags?post=77690"}],"curies":[{"name":"wp","href":"https:\/\/api.w.org\/{rel}","templated":true}]}}