{"id":7775,"date":"2012-10-05T13:39:31","date_gmt":"2012-10-05T11:39:31","guid":{"rendered":"http:\/\/www.tucomarca.com\/wordpress\/segunda\/?p=7775"},"modified":"2012-10-05T13:39:31","modified_gmt":"2012-10-05T11:39:31","slug":"turis-celebrara-institucionalmente-el-9-de-octubre","status":"publish","type":"post","link":"https:\/\/www.tucomarca.com\/wordpress\/segunda\/turis-celebrara-institucionalmente-el-9-de-octubre\/","title":{"rendered":"Tur\u00eds celebrar\u00e1 institucionalmente el 9 de octubre"},"content":{"rendered":"<p>Tur\u00eds va a celebrar por primera vez la festividad del 9 d\u2019octubre de manera institucional a trav\u00e9s de una procesi\u00f3n c\u00edvica presidida por la Real Senyera. El acto est\u00e1 previsto que comience el martes a las 18,30 horas con la bajada de la ense\u00f1a desde el balc\u00f3n consistorial para a continuaci\u00f3n desfilar por la Plaza de la Constituci\u00f3n y diversas calles. Una vez finalizado el recorrido, se izar\u00e1 de nuevo desde el balc\u00f3n del Ayuntamiento y antes de regresar al despacho de alcald\u00eda se interpretar\u00e1 el himno regional dando por concluido el acto protocolario. Como fin de fiesta se ofrecer\u00e1 una chocolatada para todos los asistentes<\/p>\n","protected":false},"excerpt":{"rendered":"<div class=\"mh-excerpt\">Tur\u00eds va a celebrar por primera vez la festividad del 9 d\u2019octubre de manera institucional a trav\u00e9s de una procesi\u00f3n c\u00edvica presidida por la Real Senyera. El acto est\u00e1 previsto que comience el martes a <a class=\"mh-excerpt-more\" href=\"https:\/\/www.tucomarca.com\/wordpress\/segunda\/turis-celebrara-institucionalmente-el-9-de-octubre\/\" title=\"Tur\u00eds celebrar\u00e1 institucionalmente el 9 de octubre\">[+] <\/a><\/div>\n","protected":false},"author":2,"featured_media":0,"comment_status":"open","ping_status":"open","sticky":false,"template":"","format":"standard","meta":{"footnotes":""},"categories":[8,42,3,43],"tags":[451],"class_list":{"0":"post-7775","1":"post","2":"type-post","3":"status-publish","4":"format-standard","6":"category-la-comarca","7":"category-la-ribera","8":"category-seccion","9":"category-turis","10":"tag-9-de-octubre"},"_links":{"self":[{"href":"https:\/\/www.tucomarca.com\/wordpress\/segunda\/wp-json\/wp\/v2\/posts\/7775","targetHints":{"allow":["GET"]}}],"collection":[{"href":"https:\/\/www.tucomarca.com\/wordpress\/segunda\/wp-json\/wp\/v2\/posts"}],"about":[{"href":"https:\/\/www.tucomarca.com\/wordpress\/segunda\/wp-json\/wp\/v2\/types\/post"}],"author":[{"embeddable":true,"href":"https:\/\/www.tucomarca.com\/wordpress\/segunda\/wp-json\/wp\/v2\/users\/2"}],"replies":[{"embeddable":true,"href":"https:\/\/www.tucomarca.com\/wordpress\/segunda\/wp-json\/wp\/v2\/comments?post=7775"}],"version-history":[{"count":0,"href":"https:\/\/www.tucomarca.com\/wordpress\/segunda\/wp-json\/wp\/v2\/posts\/7775\/revisions"}],"wp:attachment":[{"href":"https:\/\/www.tucomarca.com\/wordpress\/segunda\/wp-json\/wp\/v2\/media?parent=7775"}],"wp:term":[{"taxonomy":"category","embeddable":true,"href":"https:\/\/www.tucomarca.com\/wordpress\/segunda\/wp-json\/wp\/v2\/categories?post=7775"},{"taxonomy":"post_tag","embeddable":true,"href":"https:\/\/www.tucomarca.com\/wordpress\/segunda\/wp-json\/wp\/v2\/tags?post=7775"}],"curies":[{"name":"wp","href":"https:\/\/api.w.org\/{rel}","templated":true}]}}