{"id":7783,"date":"2012-10-05T17:56:18","date_gmt":"2012-10-05T15:56:18","guid":{"rendered":"http:\/\/www.tucomarca.com\/wordpress\/segunda\/?p=7783"},"modified":"2012-10-05T19:57:21","modified_gmt":"2012-10-05T17:57:21","slug":"video-alcublas-presenta-su-proyecto-de-aerodromo","status":"publish","type":"post","link":"https:\/\/www.tucomarca.com\/wordpress\/segunda\/video-alcublas-presenta-su-proyecto-de-aerodromo\/","title":{"rendered":"V\u00eddeo: Alcublas presenta su proyecto de aer\u00f3dromo"},"content":{"rendered":"<p>El vicepresidente primero de la\u00a0 Diputaci\u00f3n de Valencia, Juan Jos\u00e9 Medida, ha mantenido una reuni\u00f3n con el alcalde de Alcublas, Manuel Civera, a fin de estudiar la posibilidad de construir un aer\u00f3dromo deportivo y de formaci\u00f3n en esta poblaci\u00f3n.<\/p>\n","protected":false},"excerpt":{"rendered":"<div class=\"mh-excerpt\">El vicepresidente primero de la\u00a0 Diputaci\u00f3n de Valencia, Juan Jos\u00e9 Medida, ha mantenido una reuni\u00f3n con el alcalde de Alcublas, Manuel Civera, a fin de estudiar la posibilidad de construir un aer\u00f3dromo deportivo y de <a class=\"mh-excerpt-more\" href=\"https:\/\/www.tucomarca.com\/wordpress\/segunda\/video-alcublas-presenta-su-proyecto-de-aerodromo\/\" title=\"V\u00eddeo: Alcublas presenta su proyecto de aer\u00f3dromo\">[+] <\/a><\/div>\n","protected":false},"author":1,"featured_media":0,"comment_status":"open","ping_status":"open","sticky":false,"template":"","format":"standard","meta":{"footnotes":""},"categories":[137,128,8,59,3,26],"tags":[],"class_list":{"0":"post-7783","1":"post","2":"type-post","3":"status-publish","4":"format-standard","6":"category-alcublas","7":"category-infraestructuras","8":"category-la-comarca","9":"category-los-serranos","10":"category-seccion","11":"category-video"},"_links":{"self":[{"href":"https:\/\/www.tucomarca.com\/wordpress\/segunda\/wp-json\/wp\/v2\/posts\/7783","targetHints":{"allow":["GET"]}}],"collection":[{"href":"https:\/\/www.tucomarca.com\/wordpress\/segunda\/wp-json\/wp\/v2\/posts"}],"about":[{"href":"https:\/\/www.tucomarca.com\/wordpress\/segunda\/wp-json\/wp\/v2\/types\/post"}],"author":[{"embeddable":true,"href":"https:\/\/www.tucomarca.com\/wordpress\/segunda\/wp-json\/wp\/v2\/users\/1"}],"replies":[{"embeddable":true,"href":"https:\/\/www.tucomarca.com\/wordpress\/segunda\/wp-json\/wp\/v2\/comments?post=7783"}],"version-history":[{"count":0,"href":"https:\/\/www.tucomarca.com\/wordpress\/segunda\/wp-json\/wp\/v2\/posts\/7783\/revisions"}],"wp:attachment":[{"href":"https:\/\/www.tucomarca.com\/wordpress\/segunda\/wp-json\/wp\/v2\/media?parent=7783"}],"wp:term":[{"taxonomy":"category","embeddable":true,"href":"https:\/\/www.tucomarca.com\/wordpress\/segunda\/wp-json\/wp\/v2\/categories?post=7783"},{"taxonomy":"post_tag","embeddable":true,"href":"https:\/\/www.tucomarca.com\/wordpress\/segunda\/wp-json\/wp\/v2\/tags?post=7783"}],"curies":[{"name":"wp","href":"https:\/\/api.w.org\/{rel}","templated":true}]}}