{"id":7790,"date":"2012-10-07T19:12:06","date_gmt":"2012-10-07T17:12:06","guid":{"rendered":"http:\/\/www.tucomarca.com\/wordpress\/segunda\/?p=7790"},"modified":"2012-10-08T18:45:34","modified_gmt":"2012-10-08T16:45:34","slug":"7790","status":"publish","type":"post","link":"https:\/\/www.tucomarca.com\/wordpress\/segunda\/7790\/","title":{"rendered":"Sufrida victoria del CD Bu\u00f1ol frente al SC Requena a domicilio (1-2)"},"content":{"rendered":"<p>Sufrida victoria del CD Bu\u00f1ol en Requena (1-2) en un choque en el que los de Enric Cuxart han acabado con 9 sobre el terreno de juego. Se adelantaron los locales en el 36 y empataron los bu\u00f1olenses en el minuto 45. En la segunda parte, el colegiado Simarro Lucas se ha convertido en el gran protagonista al expulsar a Juanjo (CD Bu\u00f1ol). A pesar de jugar con uno menos, la piller\u00eda de Furri adelantaba a los blancos en el 18 del segundo acto. A partir de aqu\u00ed, toc\u00f3 sufrir para sumar en un choque en el que en la recta final fueron expulsados el local V\u00edctor y el visitante Rub\u00e9n.<\/p>\n<p>En este mismo grupo, el CD Cheste empat\u00f3 0-0 en casa contra el Burjassot en un partido en el que hubo emoci\u00f3n y dos equipos muy serios sobre el terreno de juego.<\/p>\n","protected":false},"excerpt":{"rendered":"<div class=\"mh-excerpt\">Sufrida victoria del CD Bu\u00f1ol en Requena (1-2) en un choque en el que los de Enric Cuxart han acabado con 9 sobre el terreno de juego. Se adelantaron los locales en el 36 y <a class=\"mh-excerpt-more\" href=\"https:\/\/www.tucomarca.com\/wordpress\/segunda\/7790\/\" title=\"Sufrida victoria del CD Bu\u00f1ol frente al SC Requena a domicilio (1-2)\">[+] <\/a><\/div>\n","protected":false},"author":1,"featured_media":0,"comment_status":"open","ping_status":"open","sticky":false,"template":"","format":"standard","meta":{"footnotes":""},"categories":[18,50,17,6,10,28,27,3,26],"tags":[],"class_list":{"0":"post-7790","1":"post","2":"type-post","3":"status-publish","4":"format-standard","6":"category-bunol","7":"category-futbol-deportes","8":"category-cheste","9":"category-deportes","10":"category-la-hoya","11":"category-requena","12":"category-requena-utiel","13":"category-seccion","14":"category-video"},"_links":{"self":[{"href":"https:\/\/www.tucomarca.com\/wordpress\/segunda\/wp-json\/wp\/v2\/posts\/7790","targetHints":{"allow":["GET"]}}],"collection":[{"href":"https:\/\/www.tucomarca.com\/wordpress\/segunda\/wp-json\/wp\/v2\/posts"}],"about":[{"href":"https:\/\/www.tucomarca.com\/wordpress\/segunda\/wp-json\/wp\/v2\/types\/post"}],"author":[{"embeddable":true,"href":"https:\/\/www.tucomarca.com\/wordpress\/segunda\/wp-json\/wp\/v2\/users\/1"}],"replies":[{"embeddable":true,"href":"https:\/\/www.tucomarca.com\/wordpress\/segunda\/wp-json\/wp\/v2\/comments?post=7790"}],"version-history":[{"count":0,"href":"https:\/\/www.tucomarca.com\/wordpress\/segunda\/wp-json\/wp\/v2\/posts\/7790\/revisions"}],"wp:attachment":[{"href":"https:\/\/www.tucomarca.com\/wordpress\/segunda\/wp-json\/wp\/v2\/media?parent=7790"}],"wp:term":[{"taxonomy":"category","embeddable":true,"href":"https:\/\/www.tucomarca.com\/wordpress\/segunda\/wp-json\/wp\/v2\/categories?post=7790"},{"taxonomy":"post_tag","embeddable":true,"href":"https:\/\/www.tucomarca.com\/wordpress\/segunda\/wp-json\/wp\/v2\/tags?post=7790"}],"curies":[{"name":"wp","href":"https:\/\/api.w.org\/{rel}","templated":true}]}}