{"id":7834,"date":"2012-10-08T10:55:43","date_gmt":"2012-10-08T08:55:43","guid":{"rendered":"http:\/\/www.tucomarca.com\/wordpress\/segunda\/?p=7834"},"modified":"2012-10-08T19:29:53","modified_gmt":"2012-10-08T17:29:53","slug":"cheste-se-adentra-en-sus-fiestas-con-la-celebracion-del-dia-biosaludable-y-gimnasia-al-aire-libre-para-los-mayores","status":"publish","type":"post","link":"https:\/\/www.tucomarca.com\/wordpress\/segunda\/cheste-se-adentra-en-sus-fiestas-con-la-celebracion-del-dia-biosaludable-y-gimnasia-al-aire-libre-para-los-mayores\/","title":{"rendered":"Cheste se adentra en sus fiestas con la celebraci\u00f3n del d\u00eda biosaludable y gimnasia al aire libre para los mayores"},"content":{"rendered":"<figure id=\"attachment_7835\" aria-describedby=\"caption-attachment-7835\" style=\"width: 300px\" class=\"wp-caption alignleft\"><a href=\"https:\/\/www.tucomarca.com\/wordpress\/segunda\/wp-content\/uploads\/2012\/10\/biosaludables.jpg\"><img loading=\"lazy\" decoding=\"async\" class=\"size-medium wp-image-7835\" title=\"biosaludables\" src=\"https:\/\/www.tucomarca.com\/wordpress\/segunda\/wp-content\/uploads\/2012\/10\/biosaludables-300x198.jpg\" alt=\"Demostraci\u00f3n de los elementos biosaludables ubicados en Cheste.\" width=\"300\" height=\"198\" srcset=\"https:\/\/www.tucomarca.com\/wordpress\/segunda\/wp-content\/uploads\/2012\/10\/biosaludables-300x198.jpg 300w, https:\/\/www.tucomarca.com\/wordpress\/segunda\/wp-content\/uploads\/2012\/10\/biosaludables-1024x679.jpg 1024w\" sizes=\"auto, (max-width: 300px) 100vw, 300px\" \/><\/a><figcaption id=\"caption-attachment-7835\" class=\"wp-caption-text\">Demostraci\u00f3n de los elementos biosaludables ubicados en Cheste.<\/figcaption><\/figure>\n<p>Este fin de semana con motivo de las Fiestas De Octubre en honor a San Lucas Evangelista el Ayuntamiento de Cheste ha celebrado el D\u00eda Biosaludable.<\/p>\n<p>Dirigido especialmente a los m\u00e1s mayores se inaugur\u00f3 el nuevo parque con m\u00e1quinas biosaludables para hacer gimnasia nuestros mayores y se disfrut\u00f3 de una bonita jornada con gimnasia al aire libre y almuerzo de frutas para los participantes.<\/p>\n","protected":false},"excerpt":{"rendered":"<div class=\"mh-excerpt\">Este fin de semana con motivo de las Fiestas De Octubre en honor a San Lucas Evangelista el Ayuntamiento de Cheste ha celebrado el D\u00eda Biosaludable. Dirigido especialmente a los m\u00e1s mayores se inaugur\u00f3 el <a class=\"mh-excerpt-more\" href=\"https:\/\/www.tucomarca.com\/wordpress\/segunda\/cheste-se-adentra-en-sus-fiestas-con-la-celebracion-del-dia-biosaludable-y-gimnasia-al-aire-libre-para-los-mayores\/\" title=\"Cheste se adentra en sus fiestas con la celebraci\u00f3n del d\u00eda biosaludable y gimnasia al aire libre para los mayores\">[+] <\/a><\/div>\n","protected":false},"author":1,"featured_media":7835,"comment_status":"open","ping_status":"open","sticky":false,"template":"","format":"standard","meta":{"footnotes":""},"categories":[17,10,5,383,3],"tags":[],"class_list":{"0":"post-7834","1":"post","2":"type-post","3":"status-publish","4":"format-standard","5":"has-post-thumbnail","7":"category-cheste","8":"category-la-hoya","9":"category-la-semana-en-imagenes","10":"category-pueblos-en-fiestas","11":"category-seccion"},"_links":{"self":[{"href":"https:\/\/www.tucomarca.com\/wordpress\/segunda\/wp-json\/wp\/v2\/posts\/7834","targetHints":{"allow":["GET"]}}],"collection":[{"href":"https:\/\/www.tucomarca.com\/wordpress\/segunda\/wp-json\/wp\/v2\/posts"}],"about":[{"href":"https:\/\/www.tucomarca.com\/wordpress\/segunda\/wp-json\/wp\/v2\/types\/post"}],"author":[{"embeddable":true,"href":"https:\/\/www.tucomarca.com\/wordpress\/segunda\/wp-json\/wp\/v2\/users\/1"}],"replies":[{"embeddable":true,"href":"https:\/\/www.tucomarca.com\/wordpress\/segunda\/wp-json\/wp\/v2\/comments?post=7834"}],"version-history":[{"count":0,"href":"https:\/\/www.tucomarca.com\/wordpress\/segunda\/wp-json\/wp\/v2\/posts\/7834\/revisions"}],"wp:featuredmedia":[{"embeddable":true,"href":"https:\/\/www.tucomarca.com\/wordpress\/segunda\/wp-json\/wp\/v2\/media\/7835"}],"wp:attachment":[{"href":"https:\/\/www.tucomarca.com\/wordpress\/segunda\/wp-json\/wp\/v2\/media?parent=7834"}],"wp:term":[{"taxonomy":"category","embeddable":true,"href":"https:\/\/www.tucomarca.com\/wordpress\/segunda\/wp-json\/wp\/v2\/categories?post=7834"},{"taxonomy":"post_tag","embeddable":true,"href":"https:\/\/www.tucomarca.com\/wordpress\/segunda\/wp-json\/wp\/v2\/tags?post=7834"}],"curies":[{"name":"wp","href":"https:\/\/api.w.org\/{rel}","templated":true}]}}