{"id":78746,"date":"2018-12-03T23:08:12","date_gmt":"2018-12-03T21:08:12","guid":{"rendered":"http:\/\/www.tucomarca.com\/wordpress\/segunda\/?p=78746"},"modified":"2018-12-03T23:08:12","modified_gmt":"2018-12-03T21:08:12","slug":"riba-roja-incluye-clausulas-sociales-y-ambientales-en-el-80-de-los-contratos-para-favorecer-el-empleo-y-la-sostenibilidad","status":"publish","type":"post","link":"https:\/\/www.tucomarca.com\/wordpress\/segunda\/riba-roja-incluye-clausulas-sociales-y-ambientales-en-el-80-de-los-contratos-para-favorecer-el-empleo-y-la-sostenibilidad\/","title":{"rendered":"Riba-roja incluye cl\u00e1usulas sociales y ambientales en el 80% de los contratos para favorecer el empleo y la sostenibilidad"},"content":{"rendered":"<figure id=\"attachment_78747\" aria-describedby=\"caption-attachment-78747\" style=\"width: 553px\" class=\"wp-caption alignleft\"><img loading=\"lazy\" decoding=\"async\" class=\" wp-image-78747\" src=\"https:\/\/www.tucomarca.com\/wordpress\/segunda\/wp-content\/uploads\/2018\/12\/plenoRibaRoja.jpg.jpg\" alt=\"El ayuntamiento apuesta por las firmas que respeten el medio ambiente\" width=\"553\" height=\"311\" srcset=\"https:\/\/www.tucomarca.com\/wordpress\/segunda\/wp-content\/uploads\/2018\/12\/plenoRibaRoja.jpg.jpg 1599w, https:\/\/www.tucomarca.com\/wordpress\/segunda\/wp-content\/uploads\/2018\/12\/plenoRibaRoja.jpg-300x169.jpg 300w, https:\/\/www.tucomarca.com\/wordpress\/segunda\/wp-content\/uploads\/2018\/12\/plenoRibaRoja.jpg-768x432.jpg 768w, https:\/\/www.tucomarca.com\/wordpress\/segunda\/wp-content\/uploads\/2018\/12\/plenoRibaRoja.jpg-1024x576.jpg 1024w\" sizes=\"auto, (max-width: 553px) 100vw, 553px\" \/><figcaption id=\"caption-attachment-78747\" class=\"wp-caption-text\">El ayuntamiento apuesta por las firmas que respeten el medio ambiente<\/figcaption><\/figure>\n<p>El Ayuntamiento de Riba-roja de T\u00faria ha introducido cl\u00e1usulas sociales, ambientales y econ\u00f3micas en el 80% de los nuevos contratos p\u00fablicos derivados de las licitaciones municipales a lo largo del presente mandato con el objetivo de favorecer factores importantes como la sostenibilidad, la creaci\u00f3n de empleo especialmente entre los parados de larga duraci\u00f3n y segmentos sociales con mayor dificultad as\u00ed como el uso de energ\u00edas renovables en los procesos de producci\u00f3n de las empresas.<\/p>\n<p>El equipo de gobierno de Riba-roja -formado por el PSPV, Comprom\u00eds y Esquerra Unida- ha apostado por la inclusi\u00f3n de este tipo de criterios para adaptarse a las exigencias que en materia ambiental, empleo y desarrollo sostenible demanda cada vez la sociedad actual al tiempo que se ofrece una respuesta adecuada a las carencias que sufr\u00eda la localidad desde hace a\u00f1os ante los retos del futuro.<\/p>\n<p>El pleno municipal ha ratificado una propuesta del equipo de gobierno para la redacci\u00f3n y la elaboraci\u00f3n de un plan de responsabilidad social por parte del consistorio como una herramienta para la obtenci\u00f3n de algunos objetivos contenidos en la Estrategia 2000 auspiciada por la Comisi\u00f3n europea, con especial atenci\u00f3n al crecimiento inteligente, sostenible e integrador.<\/p>\n<p>La propuesta ha salido adelante con los votos del propio equipo de gobierno de Riba-roja de T\u00faria y de Ciudadanos mientras que el Partido Popular y Riba-roja Puede han apostado por la abstenci\u00f3n. Este sistema supone en la pr\u00e1ctica una innovaci\u00f3n en la gesti\u00f3n de las organizaciones orientadas a incrementar la competitividad de las mismas as\u00ed como el fomento del desarrollo sostenible y de la econom\u00eda social.<\/p>\n<p>A los criterios sociales y ambientales que el Ayuntamiento de Riba-roja de T\u00faria ya est\u00e1 aplicando en el 80% de sus procesos de licitaci\u00f3n de contratos cabe a\u00f1adir otros par\u00e1metros como los derechos humanos, el comercio justo, las pr\u00e1cticas de trabajo y empleo \u00f3ptimas -como la diversidad, la igualdad de g\u00e9nero, la salud o el bienestar de los empleados-, la sostenibilidad ambiental en la biodiversidad, la lucha contra el cambio clim\u00e1tico, el uso eficiente de los recursos naturales o prevenci\u00f3n de la contaminaci\u00f3n, sin olvidar la transparencia y la lucha contra la corrupci\u00f3n.<\/p>\n<p>El plan municipal de Riba-roja contemplar\u00e1 una contrataci\u00f3n p\u00fablica socialmente responsable con una regulaci\u00f3n para reservar contratos a centros especiales de empleo y empresas de inserci\u00f3n con las condiciones y requisitos establecidos por la Comisi\u00f3n europea. Adem\u00e1s, una gesti\u00f3n responsable de los recursos humanos buscar\u00e1 favorecer la implantaci\u00f3n del teletrabajo en aquellos puestos del ayuntamiento que no supongan funciones de atenci\u00f3n al p\u00fablico, con una flexibilidad y racionalizaci\u00f3n de horarios, la conciliaci\u00f3n familiar, personal y profesional.<\/p>\n<p>Por \u00faltimo, esta iniciativa consistorial acentuar\u00e1 su apuesta en medidas de modernizaci\u00f3n y mejora en la calidad de los servicios, una gesti\u00f3n m\u00e1s eficaz con el uso de tecnolog\u00edas de la informaci\u00f3n, la reducci\u00f3n o supresi\u00f3n de cargas administrativas, una racionalizaci\u00f3n y simplificaci\u00f3n de los procesos para abundar en una mayor celeridad, eficacia y eficiencia. Para ello, el portal de la transparencia incorporar\u00e1 memorias anuales de sostenibilidad o responsabilidad social.<\/p>\n<p>No obstante, algunos criterios ya se tienen en cuenta en las empresas como una igualdad entre hombres y mujeres, una mayor contrataci\u00f3n de mujeres en sectores con mayor presencia masculina, aquellas con mujeres en puestos de responsabilidad, la contrataci\u00f3n de mujeres v\u00edctimas de violencia de g\u00e9nero o aquellas con una dificultad de acceso al mercado laboral o las que apuestan por la conciliaci\u00f3n laboral y familiar.<\/p>\n<p>El alcalde de Riba-roja de T\u00faria, Robert Raga, ha destacado \u00abel car\u00e1cter innovador para la modernizaci\u00f3n del ayuntamiento que todos queremos para nuestros vecinos y, por ello, debemos continuar el mismo camino que empezamos a andar hace meses, no hay que olvidar que somos pioneros en la comarca del Camp de T\u00faria y en muchas comarcas valencianas\u00bb.<\/p>\n","protected":false},"excerpt":{"rendered":"<div class=\"mh-excerpt\">El Ayuntamiento de Riba-roja de T\u00faria ha introducido cl\u00e1usulas sociales, ambientales y econ\u00f3micas en el 80% de los nuevos contratos p\u00fablicos derivados de las licitaciones municipales a lo largo del presente mandato con el objetivo <a class=\"mh-excerpt-more\" href=\"https:\/\/www.tucomarca.com\/wordpress\/segunda\/riba-roja-incluye-clausulas-sociales-y-ambientales-en-el-80-de-los-contratos-para-favorecer-el-empleo-y-la-sostenibilidad\/\" title=\"Riba-roja incluye cl\u00e1usulas sociales y ambientales en el 80% de los contratos para favorecer el empleo y la sostenibilidad\">[+] <\/a><\/div>\n","protected":false},"author":1,"featured_media":78747,"comment_status":"open","ping_status":"open","sticky":false,"template":"","format":"standard","meta":{"footnotes":""},"categories":[46,128,8,142,182,45],"tags":[1504],"class_list":{"0":"post-78746","1":"post","2":"type-post","3":"status-publish","4":"format-standard","5":"has-post-thumbnail","7":"category-camp-de-turia","8":"category-infraestructuras","9":"category-la-comarca","10":"category-politica-la-comarca","11":"category-riba-roja","12":"category-ventana","13":"tag-riba-roja-2"},"_links":{"self":[{"href":"https:\/\/www.tucomarca.com\/wordpress\/segunda\/wp-json\/wp\/v2\/posts\/78746","targetHints":{"allow":["GET"]}}],"collection":[{"href":"https:\/\/www.tucomarca.com\/wordpress\/segunda\/wp-json\/wp\/v2\/posts"}],"about":[{"href":"https:\/\/www.tucomarca.com\/wordpress\/segunda\/wp-json\/wp\/v2\/types\/post"}],"author":[{"embeddable":true,"href":"https:\/\/www.tucomarca.com\/wordpress\/segunda\/wp-json\/wp\/v2\/users\/1"}],"replies":[{"embeddable":true,"href":"https:\/\/www.tucomarca.com\/wordpress\/segunda\/wp-json\/wp\/v2\/comments?post=78746"}],"version-history":[{"count":0,"href":"https:\/\/www.tucomarca.com\/wordpress\/segunda\/wp-json\/wp\/v2\/posts\/78746\/revisions"}],"wp:featuredmedia":[{"embeddable":true,"href":"https:\/\/www.tucomarca.com\/wordpress\/segunda\/wp-json\/wp\/v2\/media\/78747"}],"wp:attachment":[{"href":"https:\/\/www.tucomarca.com\/wordpress\/segunda\/wp-json\/wp\/v2\/media?parent=78746"}],"wp:term":[{"taxonomy":"category","embeddable":true,"href":"https:\/\/www.tucomarca.com\/wordpress\/segunda\/wp-json\/wp\/v2\/categories?post=78746"},{"taxonomy":"post_tag","embeddable":true,"href":"https:\/\/www.tucomarca.com\/wordpress\/segunda\/wp-json\/wp\/v2\/tags?post=78746"}],"curies":[{"name":"wp","href":"https:\/\/api.w.org\/{rel}","templated":true}]}}