{"id":78927,"date":"2018-12-08T20:37:00","date_gmt":"2018-12-08T18:37:00","guid":{"rendered":"http:\/\/www.tucomarca.com\/wordpress\/segunda\/?p=78927"},"modified":"2018-12-08T20:37:00","modified_gmt":"2018-12-08T18:37:00","slug":"entrega-en-requena-de-los-premios-del-concurso-de-dibujo-en-mi-familia-yo-me-siento","status":"publish","type":"post","link":"https:\/\/www.tucomarca.com\/wordpress\/segunda\/entrega-en-requena-de-los-premios-del-concurso-de-dibujo-en-mi-familia-yo-me-siento\/","title":{"rendered":"Entrega en Requena de los premios del concurso de dibujo \u201cEn mi familia yo me siento&#8230;\u201d"},"content":{"rendered":"<figure id=\"attachment_78928\" aria-describedby=\"caption-attachment-78928\" style=\"width: 476px\" class=\"wp-caption alignleft\"><img loading=\"lazy\" decoding=\"async\" class=\" wp-image-78928\" src=\"https:\/\/www.tucomarca.com\/wordpress\/segunda\/wp-content\/uploads\/2018\/12\/RequenaIgualdad.jpg\" alt=\"Actividad promovida por la Concejal\u00eda de Igualdad dentro de la campa\u00f1a contra la Violencia de G\u00e9nero.\" width=\"476\" height=\"357\" srcset=\"https:\/\/www.tucomarca.com\/wordpress\/segunda\/wp-content\/uploads\/2018\/12\/RequenaIgualdad.jpg 1600w, https:\/\/www.tucomarca.com\/wordpress\/segunda\/wp-content\/uploads\/2018\/12\/RequenaIgualdad-300x225.jpg 300w, https:\/\/www.tucomarca.com\/wordpress\/segunda\/wp-content\/uploads\/2018\/12\/RequenaIgualdad-768x576.jpg 768w, https:\/\/www.tucomarca.com\/wordpress\/segunda\/wp-content\/uploads\/2018\/12\/RequenaIgualdad-1024x768.jpg 1024w\" sizes=\"auto, (max-width: 476px) 100vw, 476px\" \/><figcaption id=\"caption-attachment-78928\" class=\"wp-caption-text\">Actividad promovida por la Concejal\u00eda de Igualdad dentro de la campa\u00f1a contra la Violencia de G\u00e9nero.<\/figcaption><\/figure>\n<p>El pasado viernes 30 de noviembre se realiz\u00f3 el acto de Entrega de los Premios del Concurso Art\u00edstico: \u201cEn mi familia yo me siento\u2026\u201d organizado por la Concejal\u00eda de Igualdad con la colaboraci\u00f3n de los centros de Educaci\u00f3n Infantil y Primaria del municipio de Requena.<\/p>\n<p>El Concurso Art\u00edstico se encuadra dentro de la IV campa\u00f1a \u201cRequena se mueve contra la Violencia de G\u00e9nero\u201d que realiza el Ayuntamiento de Requena con motivo del 25 de Noviembre D\u00eda Internacional para la eliminaci\u00f3n de la Violencia de G\u00e9nero. En esta ocasi\u00f3n el tema propuesto estaba relacionado con la Educaci\u00f3n Emocional bajo el t\u00edtulo \u201cEn mi familia yo me siento\u2026\u201d dirigido al alumnado de Infantil y Primaria, y pretend\u00eda plasmar mediante dibujos sentimientos y emociones, a trav\u00e9s de la creatividad y la sinceridad en los trabajos de los m\u00e1s j\u00f3venes.<\/p>\n<p>Al acto de entrega de premios asisti\u00f3 el alcalde de Requena, Mario S\u00e1nchez, que felicit\u00f3 a los alumnos y alumnas por su participaci\u00f3n y entrega en esta iniciativa.<\/p>\n<p>Tambi\u00e9n, se proyect\u00f3 un video con las actividades realizadas en el curso anterior, disfrutando as\u00ed de una tarde emotiva y muy ilusionante para los m\u00e1s peque\u00f1os.<\/p>\n<p>Desde la Concejal\u00eda de Educaci\u00f3n e Igualdad se ha mostrado una gran satisfacci\u00f3n por la alta participaci\u00f3n del alumnado de todos los colegios de Requena, de San Antonio y el CRA el Tejo, desde 3 a\u00f1os hasta 6\u00ba de primaria; as\u00ed como la colaboraci\u00f3n de las coordinadoras de Igualdad y del resto del profesorado en dicha actividad.<\/p>\n<p>Tambi\u00e9n, los centros educativos del municipio han propuesto numerosas actividades incluidas en la IV Campa\u00f1a Requena se mueve contra la Violencia de G\u00e9nero.<\/p>\n<p>Todos los trabajos seleccionados y los premiados se exponen al p\u00fablico en el Espacio Cultural Feliciano A. Yeves durante este mes de diciembre de 2018.<\/p>\n","protected":false},"excerpt":{"rendered":"<div class=\"mh-excerpt\">El pasado viernes 30 de noviembre se realiz\u00f3 el acto de Entrega de los Premios del Concurso Art\u00edstico: \u201cEn mi familia yo me siento\u2026\u201d organizado por la Concejal\u00eda de Igualdad con la colaboraci\u00f3n de los <a class=\"mh-excerpt-more\" href=\"https:\/\/www.tucomarca.com\/wordpress\/segunda\/entrega-en-requena-de-los-premios-del-concurso-de-dibujo-en-mi-familia-yo-me-siento\/\" title=\"Entrega en Requena de los premios del concurso de dibujo \u201cEn mi familia yo me siento&#8230;\u201d\">[+] <\/a><\/div>\n","protected":false},"author":1,"featured_media":78928,"comment_status":"open","ping_status":"open","sticky":false,"template":"","format":"standard","meta":{"footnotes":""},"categories":[128,8,142,28,27,3,45],"tags":[10387],"class_list":{"0":"post-78927","1":"post","2":"type-post","3":"status-publish","4":"format-standard","5":"has-post-thumbnail","7":"category-infraestructuras","8":"category-la-comarca","9":"category-politica-la-comarca","10":"category-requena","11":"category-requena-utiel","12":"category-seccion","13":"category-ventana","14":"tag-requena-utiel"},"_links":{"self":[{"href":"https:\/\/www.tucomarca.com\/wordpress\/segunda\/wp-json\/wp\/v2\/posts\/78927","targetHints":{"allow":["GET"]}}],"collection":[{"href":"https:\/\/www.tucomarca.com\/wordpress\/segunda\/wp-json\/wp\/v2\/posts"}],"about":[{"href":"https:\/\/www.tucomarca.com\/wordpress\/segunda\/wp-json\/wp\/v2\/types\/post"}],"author":[{"embeddable":true,"href":"https:\/\/www.tucomarca.com\/wordpress\/segunda\/wp-json\/wp\/v2\/users\/1"}],"replies":[{"embeddable":true,"href":"https:\/\/www.tucomarca.com\/wordpress\/segunda\/wp-json\/wp\/v2\/comments?post=78927"}],"version-history":[{"count":0,"href":"https:\/\/www.tucomarca.com\/wordpress\/segunda\/wp-json\/wp\/v2\/posts\/78927\/revisions"}],"wp:featuredmedia":[{"embeddable":true,"href":"https:\/\/www.tucomarca.com\/wordpress\/segunda\/wp-json\/wp\/v2\/media\/78928"}],"wp:attachment":[{"href":"https:\/\/www.tucomarca.com\/wordpress\/segunda\/wp-json\/wp\/v2\/media?parent=78927"}],"wp:term":[{"taxonomy":"category","embeddable":true,"href":"https:\/\/www.tucomarca.com\/wordpress\/segunda\/wp-json\/wp\/v2\/categories?post=78927"},{"taxonomy":"post_tag","embeddable":true,"href":"https:\/\/www.tucomarca.com\/wordpress\/segunda\/wp-json\/wp\/v2\/tags?post=78927"}],"curies":[{"name":"wp","href":"https:\/\/api.w.org\/{rel}","templated":true}]}}