{"id":7922,"date":"2012-10-15T11:16:11","date_gmt":"2012-10-15T09:16:11","guid":{"rendered":"http:\/\/www.tucomarca.com\/wordpress\/segunda\/?p=7922"},"modified":"2012-10-15T18:31:23","modified_gmt":"2012-10-15T16:31:23","slug":"vicente-betoret-%e2%80%9cel-compromiso-del-gobierno-con-el-corredor-mediterraneo-es-claro-y-no-admite-dudas%e2%80%9d","status":"publish","type":"post","link":"https:\/\/www.tucomarca.com\/wordpress\/segunda\/vicente-betoret-%e2%80%9cel-compromiso-del-gobierno-con-el-corredor-mediterraneo-es-claro-y-no-admite-dudas%e2%80%9d\/","title":{"rendered":"Vicente Betoret: \u201cEl compromiso del Gobierno con el Corredor Mediterr\u00e1neo es claro y no admite dudas\u201d"},"content":{"rendered":"<p>El portavoz adjunto del Grupo Parlamentario Popular en Les Corts, Vicente Betoret,  ha recordado que \u201cel compromiso del Gobierno con el Corredor Mediterr\u00e1neo es claro y no admite dudas\u201d. Betoret se ha referido as\u00ed tras conocer las declaraciones del socialista Francesc Signes. Al respecto, ha indicado que el PSPV \u201cusa la demagogia como m\u00e9todo de defensa. Los socialistas est\u00e1n avergonzados porque saben que el anterior Gobierno, de su signo pol\u00edtico, fue incapaz de hacer nada por los valencianos\u201d.<br \/>\nEl dirigente popular ha aprovechado para recordar que el Ministerio de Fomento \u201crecoge en los Presupuestos Generales del Estado el tercer carril, que es la f\u00f3rmula pionera y novedosa que ha presentado la Generalitat Valenciana para ser competitivos y tener conexi\u00f3n en ancho europeo en esta legislatura\u201d.<br \/>\nAs\u00ed, ha explicado que se contempla, para este fin, un total de 530 millones de euros entre 2013 y 2017. \u201cEsto garantiza la conexi\u00f3n en ancho europeo de nuestras tres capitales de provincia: Castell\u00f3n y Valencia en 2015, y Alicante en 2016\u201d, ha puntualizado.<br \/>\nPor otra parte, ha indicado que el hecho de que el Estado est\u00e9 terminando el tramo Barcelona-frontera francesa \u201cno retrasa en absoluto el proyecto del tercer carril y del Corredor Mediterr\u00e1neo\u201d.<br \/>\n\u201cUna vez est\u00e9 terminado el tercer carril (cuyos plazos se mantienen)  la Comunidad Valenciana tambi\u00e9n se servir\u00e1 de la conexi\u00f3n en ancho internacional Barcelona-frontera francesa para conectar con Europa\u201d, ha afirmado el portavoz adjunto popular.<br \/>\nPara concluir, Betoret ha pedido a los socialistas que \u201crecapaciten y empiecen a comportarse como una oposici\u00f3n digna para los valencianos. Desde el PP les tendemos la mano para ir juntos por el camino que beneficia a los ciudadanos\u201d, ha concluido.<\/p>\n","protected":false},"excerpt":{"rendered":"<div class=\"mh-excerpt\">El portavoz adjunto del Grupo Parlamentario Popular en Les Corts, Vicente Betoret, ha recordado que \u201cel compromiso del Gobierno con el Corredor Mediterr\u00e1neo es claro y no admite dudas\u201d. Betoret se ha referido as\u00ed tras <a class=\"mh-excerpt-more\" href=\"https:\/\/www.tucomarca.com\/wordpress\/segunda\/vicente-betoret-%e2%80%9cel-compromiso-del-gobierno-con-el-corredor-mediterraneo-es-claro-y-no-admite-dudas%e2%80%9d\/\" title=\"Vicente Betoret: \u201cEl compromiso del Gobierno con el Corredor Mediterr\u00e1neo es claro y no admite dudas\u201d\">[+] <\/a><\/div>\n","protected":false},"author":2,"featured_media":0,"comment_status":"open","ping_status":"open","sticky":false,"template":"","format":"standard","meta":{"footnotes":""},"categories":[46,72,3,184],"tags":[10412],"class_list":{"0":"post-7922","1":"post","2":"type-post","3":"status-publish","4":"format-standard","6":"category-camp-de-turia","7":"category-sin-categorizar","8":"category-seccion","9":"category-vilamarxant","10":"tag-infraestructuras"},"_links":{"self":[{"href":"https:\/\/www.tucomarca.com\/wordpress\/segunda\/wp-json\/wp\/v2\/posts\/7922","targetHints":{"allow":["GET"]}}],"collection":[{"href":"https:\/\/www.tucomarca.com\/wordpress\/segunda\/wp-json\/wp\/v2\/posts"}],"about":[{"href":"https:\/\/www.tucomarca.com\/wordpress\/segunda\/wp-json\/wp\/v2\/types\/post"}],"author":[{"embeddable":true,"href":"https:\/\/www.tucomarca.com\/wordpress\/segunda\/wp-json\/wp\/v2\/users\/2"}],"replies":[{"embeddable":true,"href":"https:\/\/www.tucomarca.com\/wordpress\/segunda\/wp-json\/wp\/v2\/comments?post=7922"}],"version-history":[{"count":0,"href":"https:\/\/www.tucomarca.com\/wordpress\/segunda\/wp-json\/wp\/v2\/posts\/7922\/revisions"}],"wp:attachment":[{"href":"https:\/\/www.tucomarca.com\/wordpress\/segunda\/wp-json\/wp\/v2\/media?parent=7922"}],"wp:term":[{"taxonomy":"category","embeddable":true,"href":"https:\/\/www.tucomarca.com\/wordpress\/segunda\/wp-json\/wp\/v2\/categories?post=7922"},{"taxonomy":"post_tag","embeddable":true,"href":"https:\/\/www.tucomarca.com\/wordpress\/segunda\/wp-json\/wp\/v2\/tags?post=7922"}],"curies":[{"name":"wp","href":"https:\/\/api.w.org\/{rel}","templated":true}]}}