{"id":79230,"date":"2018-12-18T16:02:21","date_gmt":"2018-12-18T14:02:21","guid":{"rendered":"http:\/\/www.tucomarca.com\/wordpress\/segunda\/?p=79230"},"modified":"2018-12-18T16:02:21","modified_gmt":"2018-12-18T14:02:21","slug":"cheste-se-une-al-evento-internacional-la-hora-del-codigo","status":"publish","type":"post","link":"https:\/\/www.tucomarca.com\/wordpress\/segunda\/cheste-se-une-al-evento-internacional-la-hora-del-codigo\/","title":{"rendered":"Cheste se une al evento internacional \u201cLa Hora del C\u00f3digo\u201d"},"content":{"rendered":"<div class=\"\">\n<figure id=\"attachment_79256\" aria-describedby=\"caption-attachment-79256\" style=\"width: 587px\" class=\"wp-caption alignleft\"><img loading=\"lazy\" decoding=\"async\" class=\" wp-image-79256\" src=\"https:\/\/www.tucomarca.com\/wordpress\/segunda\/wp-content\/uploads\/2018\/12\/ChesteCodigo.jpg\" alt=\"La presentaci\u00f3n del evento cont\u00f3 con la presencia del alcalde de Cheste y concejal de Juventud, Jos\u00e9 Morell.\" width=\"587\" height=\"391\" srcset=\"https:\/\/www.tucomarca.com\/wordpress\/segunda\/wp-content\/uploads\/2018\/12\/ChesteCodigo.jpg 5472w, https:\/\/www.tucomarca.com\/wordpress\/segunda\/wp-content\/uploads\/2018\/12\/ChesteCodigo-300x200.jpg 300w, https:\/\/www.tucomarca.com\/wordpress\/segunda\/wp-content\/uploads\/2018\/12\/ChesteCodigo-768x512.jpg 768w, https:\/\/www.tucomarca.com\/wordpress\/segunda\/wp-content\/uploads\/2018\/12\/ChesteCodigo-1024x683.jpg 1024w\" sizes=\"auto, (max-width: 587px) 100vw, 587px\" \/><figcaption id=\"caption-attachment-79256\" class=\"wp-caption-text\">La presentaci\u00f3n del evento cont\u00f3 con la presencia del alcalde de Cheste y concejal de Juventud, Jos\u00e9 Morell.<\/figcaption><\/figure>\n<p><span class=\"\">El pasado viernes, 14 de diciembre, el Centro de Formaci\u00f3n de Personas Adultas de Cheste abri\u00f3 sus puertas con una oferta totalmente novedosa: talleres de programaci\u00f3n, de manejo de m\u00f3viles Android, de creaci\u00f3n de aplicaciones m\u00f3viles y de HTML, campeonatos de videojuegos y demostraciones de dibujo vectorial e impresi\u00f3n 3D. Todo ello con motivo de la celebraci\u00f3n de \u201cLa Hora del C\u00f3digo\u201d, un evento internacional promovido por la organizaci\u00f3n\u00a0code.org\u00a0que pretende promocionar a nivel mundial la tecnolog\u00eda y el lenguaje inform\u00e1tico, coincidiendo con la celebraci\u00f3n de la Semana de las Ciencias de la Computaci\u00f3n. \u00a0<\/span><\/p>\n<\/div>\n<div class=\"\"><span class=\"\">\u201cDesde la escuela de adultos hemos decidido unirnos a este evento propuesto por\u00a0code.org, en el que hay m\u00e1s de 650 millones de personas que ya han participado, est\u00e1n participando o van a participar y en el que se deja total libertad para planificar y organizar lo que cada entidad pueda\u201d, explicaba V\u00edctor Fuertes, profesor del centro e impulsor del evento en Cheste. \u201cEn nuestro caso, es la primera vez que nos sumamos \u2018La Hora del C\u00f3digo\u2019 y hemos apostado por preparar tres talleres de programaci\u00f3n, con 15 puestos cada uno, que est\u00e1n llenos y algunos doblan el n\u00famero de participantes en cada puesto. Tambi\u00e9n est\u00e1 el taller para ense\u00f1ar a gente mayor a utilizar los m\u00f3viles, donde hay 18 inscritos y hemos tenido que hacer tres turnos; y los dos campeonatos de videojuegos, que es lo que m\u00e1s ha triunfado, teniendo hasta lista de espera. Uno es de\u00a0<i class=\"\">FIFA 2019<\/i>\u00a0y otro es de un videojuego \u2018retro\u2019,\u00a0<i class=\"\">Mario Kart<\/i>. Siendo un videojuego de 1997 pensaba que se apuntar\u00eda gente de mi edad, pero se ha inscrito mucha gente muy joven, de alrededor de 9 a\u00f1os, con lo cual me alegro mucho. Paralelamente a estos talleres contaremos con las demostraciones de impresi\u00f3n 3D y de arte digital, esta \u00faltima a cargo del ilustrador Jos\u00e9 P\u00e9rez\u201d.\u00a0<\/span><\/div>\n<div class=\"\"><\/div>\n<div class=\"\"><span class=\"\">Tal y como explicaba Fuertes, para participar no era necesario tener ning\u00fan tipo de conocimiento previo, \u201csino m\u00e1s bien, todo lo contrario\u201d. Las inscripciones eran gratuitas y, seg\u00fan la web\u00a0code.org, estaban abiertas para personas de entre 4 y 104 a\u00f1os. \u201cNosotros batimos r\u00e9cord porque va a participar gente de 3\u201d, presum\u00eda el profesor. \u201cQuiero destacar que contamos con un gran equipo que se ha unido a la organizaci\u00f3n: profesorado, alumnado, ex-alumnos y ex-alumnas e incluso personas que no pertenecen al centro, como Yolanda Marco, profesora del IES Ricardo Mar\u00edn. Tambi\u00e9n la implicaci\u00f3n del Ayuntamiento ha sido fundamental; no solo por apoyarnos, sino por dotar al centro con una tecnolog\u00eda que nos posiciona a a\u00f1os luz de otras escuelas. De hecho, el campeonato de\u00a0<i class=\"\">FIFA<\/i>\u00a0se va a poder hacer porque hay una televisi\u00f3n nueva de 55 pulgadas que es una locura\u00a0 y\u00a0 para los talleres el aula de inform\u00e1tica cuenta con Internet de \u00faltima generaci\u00f3n, instalado hace muy poco\u201d.\u00a0<\/span><\/div>\n<div class=\"\"><\/div>\n<div class=\"\"><span class=\"\">La presentaci\u00f3n del evento cont\u00f3 con la presencia del alcalde de Cheste y concejal de Juventud, Jos\u00e9 Morell, quien dedic\u00f3 unas palabras de agradecimiento a todas las personas implicadas en la puesta en marcha de las actividades. \u201cV\u00edctor nos dio a conocer este evento internacional que gira alrededor del mundo digital y nos pareci\u00f3 una idea muy interesante, as\u00ed que desde la concejal\u00eda de Juventud no dudamos en darle apoyo. Creo que el evento est\u00e1 siendo un \u00e9xito, son muchas las personas que se han apuntado, incluso generando listas de espera, y estamos muy satisfechos por esta respuesta por parte de la poblaci\u00f3n\u201d, afirmaba Morell.<\/span><\/div>\n","protected":false},"excerpt":{"rendered":"<div class=\"mh-excerpt\">El pasado viernes, 14 de diciembre, el Centro de Formaci\u00f3n de Personas Adultas de Cheste abri\u00f3 sus puertas con una oferta totalmente novedosa: talleres de programaci\u00f3n, de manejo de m\u00f3viles Android, de creaci\u00f3n de aplicaciones <a class=\"mh-excerpt-more\" href=\"https:\/\/www.tucomarca.com\/wordpress\/segunda\/cheste-se-une-al-evento-internacional-la-hora-del-codigo\/\" title=\"Cheste se une al evento internacional \u201cLa Hora del C\u00f3digo\u201d\">[+] <\/a><\/div>\n","protected":false},"author":1,"featured_media":79256,"comment_status":"open","ping_status":"open","sticky":false,"template":"","format":"standard","meta":{"footnotes":""},"categories":[17,8,10,7,3],"tags":[339,11111],"class_list":{"0":"post-79230","1":"post","2":"type-post","3":"status-publish","4":"format-standard","5":"has-post-thumbnail","7":"category-cheste","8":"category-la-comarca","9":"category-la-hoya","10":"category-ocio-y-cultura","11":"category-seccion","12":"tag-cheste-2","13":"tag-xest-2"},"_links":{"self":[{"href":"https:\/\/www.tucomarca.com\/wordpress\/segunda\/wp-json\/wp\/v2\/posts\/79230","targetHints":{"allow":["GET"]}}],"collection":[{"href":"https:\/\/www.tucomarca.com\/wordpress\/segunda\/wp-json\/wp\/v2\/posts"}],"about":[{"href":"https:\/\/www.tucomarca.com\/wordpress\/segunda\/wp-json\/wp\/v2\/types\/post"}],"author":[{"embeddable":true,"href":"https:\/\/www.tucomarca.com\/wordpress\/segunda\/wp-json\/wp\/v2\/users\/1"}],"replies":[{"embeddable":true,"href":"https:\/\/www.tucomarca.com\/wordpress\/segunda\/wp-json\/wp\/v2\/comments?post=79230"}],"version-history":[{"count":0,"href":"https:\/\/www.tucomarca.com\/wordpress\/segunda\/wp-json\/wp\/v2\/posts\/79230\/revisions"}],"wp:featuredmedia":[{"embeddable":true,"href":"https:\/\/www.tucomarca.com\/wordpress\/segunda\/wp-json\/wp\/v2\/media\/79256"}],"wp:attachment":[{"href":"https:\/\/www.tucomarca.com\/wordpress\/segunda\/wp-json\/wp\/v2\/media?parent=79230"}],"wp:term":[{"taxonomy":"category","embeddable":true,"href":"https:\/\/www.tucomarca.com\/wordpress\/segunda\/wp-json\/wp\/v2\/categories?post=79230"},{"taxonomy":"post_tag","embeddable":true,"href":"https:\/\/www.tucomarca.com\/wordpress\/segunda\/wp-json\/wp\/v2\/tags?post=79230"}],"curies":[{"name":"wp","href":"https:\/\/api.w.org\/{rel}","templated":true}]}}