{"id":79263,"date":"2018-12-18T16:06:18","date_gmt":"2018-12-18T14:06:18","guid":{"rendered":"http:\/\/www.tucomarca.com\/wordpress\/segunda\/?p=79263"},"modified":"2018-12-18T16:06:18","modified_gmt":"2018-12-18T14:06:18","slug":"el-comite-electoral-del-pp-de-san-antonio-de-benageber-elige-a-andrea-peiro-como-candidata","status":"publish","type":"post","link":"https:\/\/www.tucomarca.com\/wordpress\/segunda\/el-comite-electoral-del-pp-de-san-antonio-de-benageber-elige-a-andrea-peiro-como-candidata\/","title":{"rendered":"El Comit\u00e9 Electoral del PP de San Antonio de Benag\u00e9ber elige a Andrea Peir\u00f3 como candidata"},"content":{"rendered":"<figure id=\"attachment_76548\" aria-describedby=\"caption-attachment-76548\" style=\"width: 353px\" class=\"wp-caption alignleft\"><img loading=\"lazy\" decoding=\"async\" class=\" wp-image-76548\" src=\"https:\/\/www.tucomarca.com\/wordpress\/segunda\/wp-content\/uploads\/2018\/10\/andrea_peiro_PP.jpg\" alt=\"Andrea Peir\u00f3.\" width=\"353\" height=\"298\" srcset=\"https:\/\/www.tucomarca.com\/wordpress\/segunda\/wp-content\/uploads\/2018\/10\/andrea_peiro_PP.jpg 674w, https:\/\/www.tucomarca.com\/wordpress\/segunda\/wp-content\/uploads\/2018\/10\/andrea_peiro_PP-300x253.jpg 300w\" sizes=\"auto, (max-width: 353px) 100vw, 353px\" \/><figcaption id=\"caption-attachment-76548\" class=\"wp-caption-text\">Andrea Peir\u00f3.<\/figcaption><\/figure>\n<p class=\"gmail-msonormal\">El Comit\u00e9 Electoral del Partido Popular de San Antonio de Benag\u00e9ber ha elegido a Andrea Peir\u00f3 Abasolo para encabezar la candidatura que los populares presentar\u00e1n en el municipio de cara a las Elecciones Auton\u00f3micas y Locales de 2019 \u00abcon el objetivo de que los vecinos puedan recuperar el tiempo perdido a manos de un gobierno que ha frenado el desarrollo de la localidad\u00bb, seg\u00fan han informado fuentes del PP.<\/p>\n<p class=\"gmail-msonormal\">\u00abAndrea Peir\u00f3 es una joven del PP que se afili\u00f3 al partido hace diez a\u00f1os y que asume un cargo con mucha humildad, pasi\u00f3n e ilusi\u00f3n y lo hace con el objetivo de conformar una lista integradora y con la meta de recuperar el pulso de un partido que tiene mucho que ofrecer en San Antonio y de devolverle la ilusi\u00f3n al votante del PP\u00bb.<\/p>\n<p class=\"gmail-msonormal\">Su recorrido pol\u00edtico comenz\u00f3 en el a\u00f1o 2011 cuando entr\u00f3 a formar parte de la lista del PP del municipio siendo una de las nuevas caras en incorporarse al partido. \u00abSe trata de la primera mujer que asume el reto de encabezar la lista popular para ser candidata a la alcald\u00eda de un municipio determinante para la comarca y la provincia de Valencia\u00bb, seg\u00fan los populares.<\/p>\n","protected":false},"excerpt":{"rendered":"<div class=\"mh-excerpt\">El Comit\u00e9 Electoral del Partido Popular de San Antonio de Benag\u00e9ber ha elegido a Andrea Peir\u00f3 Abasolo para encabezar la candidatura que los populares presentar\u00e1n en el municipio de cara a las Elecciones Auton\u00f3micas y <a class=\"mh-excerpt-more\" href=\"https:\/\/www.tucomarca.com\/wordpress\/segunda\/el-comite-electoral-del-pp-de-san-antonio-de-benageber-elige-a-andrea-peiro-como-candidata\/\" title=\"El Comit\u00e9 Electoral del PP de San Antonio de Benag\u00e9ber elige a Andrea Peir\u00f3 como candidata\">[+] <\/a><\/div>\n","protected":false},"author":1,"featured_media":76548,"comment_status":"open","ping_status":"open","sticky":false,"template":"","format":"standard","meta":{"footnotes":""},"categories":[46,8,142,183,3,45],"tags":[63],"class_list":{"0":"post-79263","1":"post","2":"type-post","3":"status-publish","4":"format-standard","5":"has-post-thumbnail","7":"category-camp-de-turia","8":"category-la-comarca","9":"category-politica-la-comarca","10":"category-san-antonio-de-benageber","11":"category-seccion","12":"category-ventana","13":"tag-pp"},"_links":{"self":[{"href":"https:\/\/www.tucomarca.com\/wordpress\/segunda\/wp-json\/wp\/v2\/posts\/79263","targetHints":{"allow":["GET"]}}],"collection":[{"href":"https:\/\/www.tucomarca.com\/wordpress\/segunda\/wp-json\/wp\/v2\/posts"}],"about":[{"href":"https:\/\/www.tucomarca.com\/wordpress\/segunda\/wp-json\/wp\/v2\/types\/post"}],"author":[{"embeddable":true,"href":"https:\/\/www.tucomarca.com\/wordpress\/segunda\/wp-json\/wp\/v2\/users\/1"}],"replies":[{"embeddable":true,"href":"https:\/\/www.tucomarca.com\/wordpress\/segunda\/wp-json\/wp\/v2\/comments?post=79263"}],"version-history":[{"count":0,"href":"https:\/\/www.tucomarca.com\/wordpress\/segunda\/wp-json\/wp\/v2\/posts\/79263\/revisions"}],"wp:featuredmedia":[{"embeddable":true,"href":"https:\/\/www.tucomarca.com\/wordpress\/segunda\/wp-json\/wp\/v2\/media\/76548"}],"wp:attachment":[{"href":"https:\/\/www.tucomarca.com\/wordpress\/segunda\/wp-json\/wp\/v2\/media?parent=79263"}],"wp:term":[{"taxonomy":"category","embeddable":true,"href":"https:\/\/www.tucomarca.com\/wordpress\/segunda\/wp-json\/wp\/v2\/categories?post=79263"},{"taxonomy":"post_tag","embeddable":true,"href":"https:\/\/www.tucomarca.com\/wordpress\/segunda\/wp-json\/wp\/v2\/tags?post=79263"}],"curies":[{"name":"wp","href":"https:\/\/api.w.org\/{rel}","templated":true}]}}