{"id":79426,"date":"2018-12-22T13:52:30","date_gmt":"2018-12-22T11:52:30","guid":{"rendered":"http:\/\/www.tucomarca.com\/wordpress\/segunda\/?p=79426"},"modified":"2018-12-22T13:52:30","modified_gmt":"2018-12-22T11:52:30","slug":"comienza-una-nueva-edicion-de-evohe-el-festival-de-teatro-infantil-de-cheste","status":"publish","type":"post","link":"https:\/\/www.tucomarca.com\/wordpress\/segunda\/comienza-una-nueva-edicion-de-evohe-el-festival-de-teatro-infantil-de-cheste\/","title":{"rendered":"Comienza una nueva edici\u00f3n de Evoh\u00e9, el Festival de Teatro Infantil de Cheste"},"content":{"rendered":"<div class=\"\">\n<figure id=\"attachment_79427\" aria-describedby=\"caption-attachment-79427\" style=\"width: 319px\" class=\"wp-caption alignleft\"><img loading=\"lazy\" decoding=\"async\" class=\" wp-image-79427\" src=\"https:\/\/www.tucomarca.com\/wordpress\/segunda\/wp-content\/uploads\/2018\/12\/Evohe.png\" alt=\"Cartel de la iniciativa en Cheste.\" width=\"319\" height=\"451\" srcset=\"https:\/\/www.tucomarca.com\/wordpress\/segunda\/wp-content\/uploads\/2018\/12\/Evohe.png 1428w, https:\/\/www.tucomarca.com\/wordpress\/segunda\/wp-content\/uploads\/2018\/12\/Evohe-212x300.png 212w, https:\/\/www.tucomarca.com\/wordpress\/segunda\/wp-content\/uploads\/2018\/12\/Evohe-768x1087.png 768w, https:\/\/www.tucomarca.com\/wordpress\/segunda\/wp-content\/uploads\/2018\/12\/Evohe-723x1024.png 723w, https:\/\/www.tucomarca.com\/wordpress\/segunda\/wp-content\/uploads\/2018\/12\/Evohe-1024x1450.png 1024w\" sizes=\"auto, (max-width: 319px) 100vw, 319px\" \/><figcaption id=\"caption-attachment-79427\" class=\"wp-caption-text\">Cartel de la iniciativa en Cheste.<\/figcaption><\/figure>\n<p><span class=\"\">El pr\u00f3ximo mi\u00e9rcoles, 26 de diciembre, comienza Evoh\u00e9, el Festival de Teatro Infantil de Cheste, una propuesta de la concejal\u00eda de Cultura del Ayuntamiento para acercar las artes esc\u00e9nicas a los m\u00e1s peque\u00f1os.<\/span><\/p>\n<\/div>\n<div class=\"\"><\/div>\n<div class=\"\"><span class=\"\">El festival contar\u00e1 con tres obras ofrecidas por compa\u00f1\u00edas profesionales:\u00a0<i class=\"\">Toys, una historia de juguetes<\/i>, el 26 de diciembre;\u00a0<i class=\"\">El guardi\u00e1n de los cuentos<\/i>, que ser\u00e1 el 30 de diciembre; y\u00a0<i class=\"\">El aprendiz de Brujo<\/i>, programada para el 6 de enero. Como ya es habitual,\u00a0<i class=\"\">Evoh\u00e9<\/i>\u00a0terminar\u00e1 con la actuaci\u00f3n del taller municipal de teatro, con su puesta en escena de\u00a0<i class=\"\">Alicia,\u00a0<\/i>dirigida por Manuel Puchades. La obra se representar\u00e1 el domingo 13 de enero y la entrada ser\u00e1 gratuita.<\/span><\/div>\n<div class=\"\"><\/div>\n<div class=\"\"><span class=\"\">\u201cEste festival se va consolidando a\u00f1o tras a\u00f1o con una oferta de calidad a cargo de artistas profesionales, pero tambi\u00e9n de nuestros j\u00f3venes artistas locales, que se est\u00e1n formando en el taller de teatro municipal y que participan cerrando el ciclo de representaciones. El objetivo de\u00a0<i class=\"\">Evoh\u00e9<\/i>\u00a0es crear un espacio cultural de conciliaci\u00f3n familiar con oferta para el p\u00fablico infantil y, tras valorar las anteriores ediciones, podemos decir que est\u00e1 funcionando muy bien\u201d, explica la concejala de Cultura, M\u00aa \u00c1ngeles Llorente.<\/span><\/div>\n<div class=\"\"><\/div>\n<div class=\"\"><span class=\"\">Todas las obras tendr\u00e1n lugar en el teatro Liceo a las 18:30 horas y las entradas estar\u00e1n en venta anticipada en las papeler\u00edas locales y en\u00a0<a class=\"\" href=\"http:\/\/www.agendacheste.com\/\">www.agendacheste.com<\/a>.\u00a0<\/span><\/div>\n<div class=\"\"><\/div>\n<div class=\"\"><span class=\"\"><b class=\"\">Precios\u00a0<\/b><\/span><\/div>\n<div class=\"\"><span class=\"\"><b class=\"\">\u00a0<\/b><\/span><\/div>\n<div class=\"\"><span class=\"\"><b class=\"\">Toy&#8217;s, una historia de juguetes\u00a0<\/b><\/span><\/div>\n<div class=\"\"><span class=\"\">Precio \u00fanico: 10 \u20ac<\/span><\/div>\n<div class=\"\"><\/div>\n<div class=\"\"><span class=\"\"><b class=\"\">El guardi\u00e1n de los cuentos<\/b><\/span><\/div>\n<div class=\"\"><span class=\"\">&#8211; Adulto 5 \u20ac<\/span><\/div>\n<div class=\"\"><span class=\"\">&#8211; Carnet Joven 4,50 \u20ac<\/span><\/div>\n<div class=\"\"><span class=\"\">&#8211; Jubilados 4 \u20ac<\/span><\/div>\n<div class=\"\"><span class=\"\">&#8211; Infantiles 2 \u20ac<\/span><\/div>\n<div class=\"\"><\/div>\n<div class=\"\"><span class=\"\"><b class=\"\">\u200dEl aprendiz de brujo<\/b><\/span><\/div>\n<div class=\"\"><span class=\"\">&#8211; Adulto 5 \u20ac<\/span><\/div>\n<div class=\"\"><span class=\"\">&#8211; Carnet Joven 4,50 \u20ac<\/span><\/div>\n<div class=\"\"><span class=\"\">&#8211; Jubilados 4 \u20ac<\/span><\/div>\n<div class=\"\"><span class=\"\">&#8211; Infantiles 2 \u20ac<\/span><\/div>\n<div class=\"\"><\/div>\n<div class=\"\"><span class=\"\"><b class=\"\">Alicia<\/b><\/span><\/div>\n<div class=\"\"><span class=\"\">Entrada gratuita.<\/span><\/div>\n","protected":false},"excerpt":{"rendered":"<div class=\"mh-excerpt\">El pr\u00f3ximo mi\u00e9rcoles, 26 de diciembre, comienza Evoh\u00e9, el Festival de Teatro Infantil de Cheste, una propuesta de la concejal\u00eda de Cultura del Ayuntamiento para acercar las artes esc\u00e9nicas a los m\u00e1s peque\u00f1os. El festival <a class=\"mh-excerpt-more\" href=\"https:\/\/www.tucomarca.com\/wordpress\/segunda\/comienza-una-nueva-edicion-de-evohe-el-festival-de-teatro-infantil-de-cheste\/\" title=\"Comienza una nueva edici\u00f3n de Evoh\u00e9, el Festival de Teatro Infantil de Cheste\">[+] <\/a><\/div>\n","protected":false},"author":1,"featured_media":79427,"comment_status":"open","ping_status":"open","sticky":false,"template":"","format":"standard","meta":{"footnotes":""},"categories":[4,17,10,7,3],"tags":[339,11111],"class_list":{"0":"post-79426","1":"post","2":"type-post","3":"status-publish","4":"format-standard","5":"has-post-thumbnail","7":"category-agenda","8":"category-cheste","9":"category-la-hoya","10":"category-ocio-y-cultura","11":"category-seccion","12":"tag-cheste-2","13":"tag-xest-2"},"_links":{"self":[{"href":"https:\/\/www.tucomarca.com\/wordpress\/segunda\/wp-json\/wp\/v2\/posts\/79426","targetHints":{"allow":["GET"]}}],"collection":[{"href":"https:\/\/www.tucomarca.com\/wordpress\/segunda\/wp-json\/wp\/v2\/posts"}],"about":[{"href":"https:\/\/www.tucomarca.com\/wordpress\/segunda\/wp-json\/wp\/v2\/types\/post"}],"author":[{"embeddable":true,"href":"https:\/\/www.tucomarca.com\/wordpress\/segunda\/wp-json\/wp\/v2\/users\/1"}],"replies":[{"embeddable":true,"href":"https:\/\/www.tucomarca.com\/wordpress\/segunda\/wp-json\/wp\/v2\/comments?post=79426"}],"version-history":[{"count":0,"href":"https:\/\/www.tucomarca.com\/wordpress\/segunda\/wp-json\/wp\/v2\/posts\/79426\/revisions"}],"wp:featuredmedia":[{"embeddable":true,"href":"https:\/\/www.tucomarca.com\/wordpress\/segunda\/wp-json\/wp\/v2\/media\/79427"}],"wp:attachment":[{"href":"https:\/\/www.tucomarca.com\/wordpress\/segunda\/wp-json\/wp\/v2\/media?parent=79426"}],"wp:term":[{"taxonomy":"category","embeddable":true,"href":"https:\/\/www.tucomarca.com\/wordpress\/segunda\/wp-json\/wp\/v2\/categories?post=79426"},{"taxonomy":"post_tag","embeddable":true,"href":"https:\/\/www.tucomarca.com\/wordpress\/segunda\/wp-json\/wp\/v2\/tags?post=79426"}],"curies":[{"name":"wp","href":"https:\/\/api.w.org\/{rel}","templated":true}]}}