{"id":7999,"date":"2012-10-18T11:55:28","date_gmt":"2012-10-18T09:55:28","guid":{"rendered":"http:\/\/www.tucomarca.com\/wordpress\/segunda\/?p=7999"},"modified":"2012-10-18T11:55:28","modified_gmt":"2012-10-18T09:55:28","slug":"servicios-sociales-de-alborache-reparte-alimentos-donados-por-consum-gracias-al-convenio-suscrito-con-diputacion","status":"publish","type":"post","link":"https:\/\/www.tucomarca.com\/wordpress\/segunda\/servicios-sociales-de-alborache-reparte-alimentos-donados-por-consum-gracias-al-convenio-suscrito-con-diputacion\/","title":{"rendered":"Servicios Sociales de Alborache reparte alimentos donados por Consum gracias al convenio suscrito con Diputaci\u00f3n"},"content":{"rendered":"<p>Como ya inform\u00f3 este semanario en su edici\u00f3n impresa, la edil de Bienestar Social del Ayuntamiento de Alborache, Mati Vicent, se ha congratulado de la puesta en marcha de la campa\u00f1a de reparto de alimentos a trav\u00e9s de los Servicios Sociales del consistorio y C\u00e1ritas. Como ha explicado a este semanario, la iniciativa parte del acuerdo alcanzado entre la Diputaci\u00f3n de Valencia y la cooperativa Consum para la donaci\u00f3n de los alimentos que el citado supermercado retira diariamente por estrategia comercial o por proximidad a la fecha de caducidad.<br \/>\n\u00abEstamos hablando de alimentos perfectamente consumibles y que se entregan inmediatamente a las familias que previamente han seleccionado tanto Servicios Sociales como C\u00e1ritas. El reparto se produce a diario, aunque desconocemos hasta el mismo d\u00eda qu\u00e9 cantidad es la que se va a poder entregar\u00bb, ha precisado la edil.<br \/>\nEl reparto de alimentos acontece desde la pasada semana de forma totalmente equitativa, \u00abaprovechando el hecho de que Consum cuenta con un supermercado en la poblaci\u00f3n. Es una ventaja poder disponer de estos alimentos en tiempos en los que hay quien lo est\u00e1 pasando realmente mal para llegar a final de mes\u00bb.<\/p>\n<p>Contra el tabaquismo<br \/>\nAl margen de esta iniciativa, desde el consistorio se ha anunciado la apertura del plazo de inscripci\u00f3n para quienes quieran participar a partir del pr\u00f3ximo mes de noviembre en una terapia para dejar de fumar, \u00abiniciativa puesta en marcha junto a la Asociaci\u00f3n Espa\u00f1ola Contra el C\u00e1ncer de la localidad\u00bb, ha precisado Mati Vicent.<br \/>\nComo se ha detallado a este semanario, la intenci\u00f3n es crear grupos de aproximadamente 20 personas para que reciban asesoramiento y consejos de psic\u00f3logos o m\u00e9dicos, entre otros.<br \/>\nEl fin \u00faltimo no es otro que el de luchar contra esta lacra social que se ha convertido en una de las principales causas de muerte en este arranque de siglo. <\/p>\n","protected":false},"excerpt":{"rendered":"<div class=\"mh-excerpt\">Como ya inform\u00f3 este semanario en su edici\u00f3n impresa, la edil de Bienestar Social del Ayuntamiento de Alborache, Mati Vicent, se ha congratulado de la puesta en marcha de la campa\u00f1a de reparto de alimentos <a class=\"mh-excerpt-more\" href=\"https:\/\/www.tucomarca.com\/wordpress\/segunda\/servicios-sociales-de-alborache-reparte-alimentos-donados-por-consum-gracias-al-convenio-suscrito-con-diputacion\/\" title=\"Servicios Sociales de Alborache reparte alimentos donados por Consum gracias al convenio suscrito con Diputaci\u00f3n\">[+] <\/a><\/div>\n","protected":false},"author":2,"featured_media":0,"comment_status":"open","ping_status":"open","sticky":false,"template":"","format":"standard","meta":{"footnotes":""},"categories":[19,8,10,3],"tags":[10386],"class_list":{"0":"post-7999","1":"post","2":"type-post","3":"status-publish","4":"format-standard","6":"category-alborache","7":"category-la-comarca","8":"category-la-hoya","9":"category-seccion","10":"tag-alborache"},"_links":{"self":[{"href":"https:\/\/www.tucomarca.com\/wordpress\/segunda\/wp-json\/wp\/v2\/posts\/7999","targetHints":{"allow":["GET"]}}],"collection":[{"href":"https:\/\/www.tucomarca.com\/wordpress\/segunda\/wp-json\/wp\/v2\/posts"}],"about":[{"href":"https:\/\/www.tucomarca.com\/wordpress\/segunda\/wp-json\/wp\/v2\/types\/post"}],"author":[{"embeddable":true,"href":"https:\/\/www.tucomarca.com\/wordpress\/segunda\/wp-json\/wp\/v2\/users\/2"}],"replies":[{"embeddable":true,"href":"https:\/\/www.tucomarca.com\/wordpress\/segunda\/wp-json\/wp\/v2\/comments?post=7999"}],"version-history":[{"count":0,"href":"https:\/\/www.tucomarca.com\/wordpress\/segunda\/wp-json\/wp\/v2\/posts\/7999\/revisions"}],"wp:attachment":[{"href":"https:\/\/www.tucomarca.com\/wordpress\/segunda\/wp-json\/wp\/v2\/media?parent=7999"}],"wp:term":[{"taxonomy":"category","embeddable":true,"href":"https:\/\/www.tucomarca.com\/wordpress\/segunda\/wp-json\/wp\/v2\/categories?post=7999"},{"taxonomy":"post_tag","embeddable":true,"href":"https:\/\/www.tucomarca.com\/wordpress\/segunda\/wp-json\/wp\/v2\/tags?post=7999"}],"curies":[{"name":"wp","href":"https:\/\/api.w.org\/{rel}","templated":true}]}}