{"id":80073,"date":"2019-01-15T22:45:52","date_gmt":"2019-01-15T20:45:52","guid":{"rendered":"http:\/\/www.tucomarca.com\/wordpress\/segunda\/?p=80073"},"modified":"2019-01-15T22:45:52","modified_gmt":"2019-01-15T20:45:52","slug":"el-patronat-de-turisme-lleva-a-fitur-2019-la-luz-de-valencia-con-try-valencia","status":"publish","type":"post","link":"https:\/\/www.tucomarca.com\/wordpress\/segunda\/el-patronat-de-turisme-lleva-a-fitur-2019-la-luz-de-valencia-con-try-valencia\/","title":{"rendered":"El Patronat de Turisme lleva a Fitur 2019 la luz de Val\u00e8ncia con \u201cTry Val\u00e8ncia\u201d"},"content":{"rendered":"<figure id=\"attachment_80075\" aria-describedby=\"caption-attachment-80075\" style=\"width: 259px\" class=\"wp-caption alignleft\"><img loading=\"lazy\" decoding=\"async\" class=\" wp-image-80075\" src=\"https:\/\/www.tucomarca.com\/wordpress\/segunda\/wp-content\/uploads\/2019\/01\/grafica_turisme_.jpg\" alt=\"Nueva imagen gr\u00e1fica para mostrar en la Feria Internacional de Turismo de Madrid \u201cla parte brillante de la vida\u201d\" width=\"259\" height=\"356\" srcset=\"https:\/\/www.tucomarca.com\/wordpress\/segunda\/wp-content\/uploads\/2019\/01\/grafica_turisme_.jpg 1224w, https:\/\/www.tucomarca.com\/wordpress\/segunda\/wp-content\/uploads\/2019\/01\/grafica_turisme_-218x300.jpg 218w, https:\/\/www.tucomarca.com\/wordpress\/segunda\/wp-content\/uploads\/2019\/01\/grafica_turisme_-768x1057.jpg 768w, https:\/\/www.tucomarca.com\/wordpress\/segunda\/wp-content\/uploads\/2019\/01\/grafica_turisme_-744x1024.jpg 744w, https:\/\/www.tucomarca.com\/wordpress\/segunda\/wp-content\/uploads\/2019\/01\/grafica_turisme_-1024x1409.jpg 1024w\" sizes=\"auto, (max-width: 259px) 100vw, 259px\" \/><figcaption id=\"caption-attachment-80075\" class=\"wp-caption-text\">Nueva imagen gr\u00e1fica para mostrar en la Feria Internacional de Turismo de Madrid \u201cla parte brillante de la vida\u201d<\/figcaption><\/figure>\n<p><strong>Pilar Moncho, diputada de Turisme presenta la nueva imagen gr\u00e1fica para mostrar en la Feria Internacional de Turismo de Madrid \u201cla parte brillante de la vida\u201d<\/strong><\/p>\n<p>La diputada de Turismo de la Diputaci\u00f3n, Pilar Moncho, ha presentado la nueva imagen gr\u00e1fica del Patronat de Turisme que, bajo el lema \u201cTry Val\u00e8ncia. The bright side of life\u201d, llevar\u00e1 la luz de Val\u00e8ncia a Fitur 2019. En la presentaci\u00f3n tambi\u00e9n ha participado el director del Patronat, Evarist Caselles.<\/p>\n<p>Tal como ha destacado Moncho, \u201cestamos a las puertas de Fitur, una de las m\u00e1s destacadas ferias internacionales del turismo y es importante que todos nos sintamos orgullosos de quienes somos. Vamos a mostrar nuestra singularidad y, sin duda, la luz de Val\u00e8ncia es \u00fanica\u201d.<\/p>\n<p><strong>\u201cTry Val\u00e8ncia. The bright side of life\u201d<\/strong><\/p>\n<p>En su intervenci\u00f3n, la diputada de Turismo ha explicado que a lo largo de este mandato, \u201chemos ido avanzado paso a paso; primero lanzamos una nueva marca para mostrar quienes somos, Val\u00e8ncia Turisme; despu\u00e9s, explicamos c\u00f3mo somos, \u2018food, living&amp;sun\u2019, y el a\u00f1o pasado acudimos con las infinitas razones del porqu\u00e9 Val\u00e8ncia, \u2018Why V\u2019\u201d<\/p>\n<figure id=\"attachment_80077\" aria-describedby=\"caption-attachment-80077\" style=\"width: 375px\" class=\"wp-caption alignleft\"><img loading=\"lazy\" decoding=\"async\" class=\" wp-image-80077\" src=\"https:\/\/www.tucomarca.com\/wordpress\/segunda\/wp-content\/uploads\/2019\/01\/TRYVALENCIA.jpg\" alt=\"Pilar Moncho, diputada de Turisme presenta la nueva imagen gr\u00e1fica.\" width=\"375\" height=\"281\" srcset=\"https:\/\/www.tucomarca.com\/wordpress\/segunda\/wp-content\/uploads\/2019\/01\/TRYVALENCIA.jpg 3264w, https:\/\/www.tucomarca.com\/wordpress\/segunda\/wp-content\/uploads\/2019\/01\/TRYVALENCIA-300x225.jpg 300w, https:\/\/www.tucomarca.com\/wordpress\/segunda\/wp-content\/uploads\/2019\/01\/TRYVALENCIA-768x576.jpg 768w, https:\/\/www.tucomarca.com\/wordpress\/segunda\/wp-content\/uploads\/2019\/01\/TRYVALENCIA-1024x768.jpg 1024w\" sizes=\"auto, (max-width: 375px) 100vw, 375px\" \/><figcaption id=\"caption-attachment-80077\" class=\"wp-caption-text\">Pilar Moncho, diputada de Turisme presenta la nueva imagen gr\u00e1fica.<\/figcaption><\/figure>\n<p>De ah\u00ed que, en palabras de Pilar Moncho, \u201cdemos ahora un paso adelante para decir que la elecci\u00f3n m\u00e1s brillante es Val\u00e8ncia. Nuestra luz es \u00fanica, enamora a todos, a quien nos visita y a nosotros mismos, es una de nuestras mayores bondades y, con ella, vamos a Fitur\u201d.<\/p>\n<p>El desarrollo gr\u00e1fico de \u201cTry Val\u00e8ncia. The bright side of life\u201d ha sido realizado por la agencia valenciana The Serious Agency.<\/p>\n<p><strong>Un relato y una historia hecha im\u00e1genes<\/strong><\/p>\n<p>Una de las novedades con las que Val\u00e8ncia Turisme acude a Fitur es el video, producido por la empresa valenciana Isoaventura, que pone im\u00e1genes \u201ca la historia que queremos contar en los encuentros tur\u00edsticos, a nuestro relato\u201d, explica Pilar Moncho.<\/p>\n<p>En el video, dos amigas, una americana y una valenciana se reencuentran en Val\u00e8ncia tras a\u00f1os de ausencias y recuerdan las experiencias fant\u00e1sticas vividas aqu\u00ed. Claire asegura al final de la cinta que, \u201clo mejor de Val\u00e8ncia, sois vosotros\u201d.<\/p>\n<p><strong>Colaboraci\u00f3n con empresas<\/strong><\/p>\n<p>En su intervenci\u00f3n, Evarist Caselles ha animado a los ayuntamientos a aprovechar la feria para promocionar al m\u00e1ximo sus productos locales y les ha invitado a hacerse eco en las redes sociales de las etiquetas empleadas por Val\u00e8ncia Turisme este a\u00f1o en Fitur: #TryVal\u00e8ncia y #ValenciaTurisme.<\/p>\n<p>Val\u00e8ncia Turisme acude a Fitur con tres grandes propuestas: Del Tros al Plat, Film Val\u00e8ncia, y los nuevos modelos de comercializaci\u00f3n de productos tur\u00edsticos, desarrollados a partir de los workshops organizados por el Patronat de Turisme en los \u00faltimos meses para conectar productos tur\u00edsticos y plataformas de comercializaci\u00f3n.<\/p>\n","protected":false},"excerpt":{"rendered":"<div class=\"mh-excerpt\">Pilar Moncho, diputada de Turisme presenta la nueva imagen gr\u00e1fica para mostrar en la Feria Internacional de Turismo de Madrid \u201cla parte brillante de la vida\u201d La diputada de Turismo de la Diputaci\u00f3n, Pilar Moncho, <a class=\"mh-excerpt-more\" href=\"https:\/\/www.tucomarca.com\/wordpress\/segunda\/el-patronat-de-turisme-lleva-a-fitur-2019-la-luz-de-valencia-con-try-valencia\/\" title=\"El Patronat de Turisme lleva a Fitur 2019 la luz de Val\u00e8ncia con \u201cTry Val\u00e8ncia\u201d\">[+] <\/a><\/div>\n","protected":false},"author":2,"featured_media":80075,"comment_status":"open","ping_status":"open","sticky":false,"template":"","format":"standard","meta":{"footnotes":""},"categories":[128,8,72,3,45],"tags":[11423,9841],"class_list":{"0":"post-80073","1":"post","2":"type-post","3":"status-publish","4":"format-standard","5":"has-post-thumbnail","7":"category-infraestructuras","8":"category-la-comarca","9":"category-sin-categorizar","10":"category-seccion","11":"category-ventana","12":"tag-fitur-2019","13":"tag-valencia-turisme"},"_links":{"self":[{"href":"https:\/\/www.tucomarca.com\/wordpress\/segunda\/wp-json\/wp\/v2\/posts\/80073","targetHints":{"allow":["GET"]}}],"collection":[{"href":"https:\/\/www.tucomarca.com\/wordpress\/segunda\/wp-json\/wp\/v2\/posts"}],"about":[{"href":"https:\/\/www.tucomarca.com\/wordpress\/segunda\/wp-json\/wp\/v2\/types\/post"}],"author":[{"embeddable":true,"href":"https:\/\/www.tucomarca.com\/wordpress\/segunda\/wp-json\/wp\/v2\/users\/2"}],"replies":[{"embeddable":true,"href":"https:\/\/www.tucomarca.com\/wordpress\/segunda\/wp-json\/wp\/v2\/comments?post=80073"}],"version-history":[{"count":0,"href":"https:\/\/www.tucomarca.com\/wordpress\/segunda\/wp-json\/wp\/v2\/posts\/80073\/revisions"}],"wp:featuredmedia":[{"embeddable":true,"href":"https:\/\/www.tucomarca.com\/wordpress\/segunda\/wp-json\/wp\/v2\/media\/80075"}],"wp:attachment":[{"href":"https:\/\/www.tucomarca.com\/wordpress\/segunda\/wp-json\/wp\/v2\/media?parent=80073"}],"wp:term":[{"taxonomy":"category","embeddable":true,"href":"https:\/\/www.tucomarca.com\/wordpress\/segunda\/wp-json\/wp\/v2\/categories?post=80073"},{"taxonomy":"post_tag","embeddable":true,"href":"https:\/\/www.tucomarca.com\/wordpress\/segunda\/wp-json\/wp\/v2\/tags?post=80073"}],"curies":[{"name":"wp","href":"https:\/\/api.w.org\/{rel}","templated":true}]}}