{"id":80279,"date":"2019-01-18T22:15:13","date_gmt":"2019-01-18T20:15:13","guid":{"rendered":"http:\/\/www.tucomarca.com\/wordpress\/segunda\/?p=80279"},"modified":"2019-01-18T22:15:13","modified_gmt":"2019-01-18T20:15:13","slug":"la-policia-local-de-cheste-ya-cuenta-con-un-nuevo-vehiculo-hibrido","status":"publish","type":"post","link":"https:\/\/www.tucomarca.com\/wordpress\/segunda\/la-policia-local-de-cheste-ya-cuenta-con-un-nuevo-vehiculo-hibrido\/","title":{"rendered":"La Polic\u00eda Local de Cheste ya cuenta con un nuevo veh\u00edculo h\u00edbrido"},"content":{"rendered":"<div class=\"\">\n<figure id=\"attachment_80287\" aria-describedby=\"caption-attachment-80287\" style=\"width: 339px\" class=\"wp-caption alignleft\"><img loading=\"lazy\" decoding=\"async\" class=\" wp-image-80287\" src=\"https:\/\/www.tucomarca.com\/wordpress\/segunda\/wp-content\/uploads\/2019\/01\/hibridoCheste.jpg\" alt=\"Nuevo veh\u00edculo h\u00edbrido de la Polic\u00eda Local de Cheste.\" width=\"339\" height=\"254\" srcset=\"https:\/\/www.tucomarca.com\/wordpress\/segunda\/wp-content\/uploads\/2019\/01\/hibridoCheste.jpg 1600w, https:\/\/www.tucomarca.com\/wordpress\/segunda\/wp-content\/uploads\/2019\/01\/hibridoCheste-300x225.jpg 300w, https:\/\/www.tucomarca.com\/wordpress\/segunda\/wp-content\/uploads\/2019\/01\/hibridoCheste-768x576.jpg 768w, https:\/\/www.tucomarca.com\/wordpress\/segunda\/wp-content\/uploads\/2019\/01\/hibridoCheste-1024x768.jpg 1024w\" sizes=\"auto, (max-width: 339px) 100vw, 339px\" \/><figcaption id=\"caption-attachment-80287\" class=\"wp-caption-text\">Nuevo veh\u00edculo h\u00edbrido de la Polic\u00eda Local de Cheste.<\/figcaption><\/figure>\n<p><span class=\"\">El Ayuntamiento de Cheste ha incorporado, en la modalidad de <i class=\"\">renting<\/i>, un nuevo veh\u00edculo h\u00edbrido para la Polic\u00eda Local, que sustituir\u00e1 al anterior modelo que funcionaba exclusivamente con combustible. Se trata de un Hyundai RAV4 con las \u00faltimas novedades en equipamiento policial, como un etil\u00f3metro evidencial, un desfibrilador, una mesa de trabajo, un ordenador y un prioritario que incorpora un panel informativo de \u00faltima generaci\u00f3n.<\/span><\/p>\n<\/div>\n<div class=\"\"><span class=\"\">Este coche funciona con electricidad por debajo de los 40 kil\u00f3metros por hora, usando combustible por encima de estas velocidades o cuando la bater\u00eda el\u00e9ctrica est\u00e1 descargada. Tal y como informan desde la polic\u00eda, el veh\u00edculo se utilizar\u00e1 principalmente dentro del casco urbano, por lo que funcionar\u00e1 a base de electricidad en la mayor parte de su uso.<\/span><\/div>\n<div class=\"\"><\/div>\n<div class=\"\"><span class=\"\">\u201cEste coche ofrece unas mayores prestaciones, cuenta con un equipamiento que facilitar\u00e1 la labor de los y las agentes y, adem\u00e1s, es mucho m\u00e1s respetuoso con el medio ambiente que el modelo anterior y nos permitir\u00e1 ahorrar en combustible\u201d, apunta el alcalde, Jos\u00e9 Morell. La sustituci\u00f3n de los veh\u00edculos m\u00e1s antiguos por modelos h\u00edbridos de estas caracter\u00edsticas fue aprobada por unanimidad en pleno, a ra\u00edz de una moci\u00f3n presentada por el Partido Popular. \u201cEs un tema en el que existe un amplio acuerdo por parte de toda la corporaci\u00f3n municipal\u201d, declara el alcalde.<\/span><\/div>\n","protected":false},"excerpt":{"rendered":"<div class=\"mh-excerpt\">El Ayuntamiento de Cheste ha incorporado, en la modalidad de renting, un nuevo veh\u00edculo h\u00edbrido para la Polic\u00eda Local, que sustituir\u00e1 al anterior modelo que funcionaba exclusivamente con combustible. Se trata de un Hyundai RAV4 <a class=\"mh-excerpt-more\" href=\"https:\/\/www.tucomarca.com\/wordpress\/segunda\/la-policia-local-de-cheste-ya-cuenta-con-un-nuevo-vehiculo-hibrido\/\" title=\"La Polic\u00eda Local de Cheste ya cuenta con un nuevo veh\u00edculo h\u00edbrido\">[+] <\/a><\/div>\n","protected":false},"author":2,"featured_media":80287,"comment_status":"open","ping_status":"open","sticky":false,"template":"","format":"standard","meta":{"footnotes":""},"categories":[17,128,8,10,3],"tags":[10470,5952],"class_list":{"0":"post-80279","1":"post","2":"type-post","3":"status-publish","4":"format-standard","5":"has-post-thumbnail","7":"category-cheste","8":"category-infraestructuras","9":"category-la-comarca","10":"category-la-hoya","11":"category-seccion","12":"tag-ayuntamiento-de-cheste","13":"tag-la-hoya-de-bunol-chiva"},"_links":{"self":[{"href":"https:\/\/www.tucomarca.com\/wordpress\/segunda\/wp-json\/wp\/v2\/posts\/80279","targetHints":{"allow":["GET"]}}],"collection":[{"href":"https:\/\/www.tucomarca.com\/wordpress\/segunda\/wp-json\/wp\/v2\/posts"}],"about":[{"href":"https:\/\/www.tucomarca.com\/wordpress\/segunda\/wp-json\/wp\/v2\/types\/post"}],"author":[{"embeddable":true,"href":"https:\/\/www.tucomarca.com\/wordpress\/segunda\/wp-json\/wp\/v2\/users\/2"}],"replies":[{"embeddable":true,"href":"https:\/\/www.tucomarca.com\/wordpress\/segunda\/wp-json\/wp\/v2\/comments?post=80279"}],"version-history":[{"count":0,"href":"https:\/\/www.tucomarca.com\/wordpress\/segunda\/wp-json\/wp\/v2\/posts\/80279\/revisions"}],"wp:featuredmedia":[{"embeddable":true,"href":"https:\/\/www.tucomarca.com\/wordpress\/segunda\/wp-json\/wp\/v2\/media\/80287"}],"wp:attachment":[{"href":"https:\/\/www.tucomarca.com\/wordpress\/segunda\/wp-json\/wp\/v2\/media?parent=80279"}],"wp:term":[{"taxonomy":"category","embeddable":true,"href":"https:\/\/www.tucomarca.com\/wordpress\/segunda\/wp-json\/wp\/v2\/categories?post=80279"},{"taxonomy":"post_tag","embeddable":true,"href":"https:\/\/www.tucomarca.com\/wordpress\/segunda\/wp-json\/wp\/v2\/tags?post=80279"}],"curies":[{"name":"wp","href":"https:\/\/api.w.org\/{rel}","templated":true}]}}